{"id":14821,"date":"2022-02-25T11:44:25","date_gmt":"2022-02-25T14:44:25","guid":{"rendered":"https:\/\/esreviral.com\/?p=14821"},"modified":"2022-02-25T11:44:25","modified_gmt":"2022-02-25T14:44:25","slug":"en-menos-de-24-horas-clausuran-otro-consultorio-medico-por-ejercicio-ilegal-de-la-medicina","status":"publish","type":"post","link":"https:\/\/esreviral.com\/?p=14821","title":{"rendered":"En menos de 24 horas clausuran otro consultorio m\u00e9dico por ejercicio ilegal de la medicina"},"content":{"rendered":"\n<p>Tras un allanamiento realizado en un consultorio de mec\u00e1nica dental ubicado en el barrio de Villa Lugano, se dispuso la clausura del lugar y la imputaci\u00f3n del responsable por no contar con t\u00edtulo habilitante para ejercer dicha actividad. La Fiscal\u00eda PCyF 29, a cargo del Dr. An\u00edbal Brunet, investiga el caso.<br>&nbsp;<br>La causa se inici\u00f3 a ra\u00edz de una denuncia. En el allanamiento se secuestraron tornos, m\u00e1quinas de pr\u00f3tesis dentales y gran cantidad de piezas dentales de cer\u00e1mica, as\u00ed como tambi\u00e9n documentaci\u00f3n que acredita la actividad comercial que se realizaba en el lugar. Asimismo, se advirti\u00f3 la falta de normas de seguridad, al constatarse garrafas, compresores y elementos para catalizar sustancias en polvo.<br>&nbsp;<br>El procedimiento fue coordinado por el Cuerpo de Investigaciones Judiciales del Ministerio P\u00fablico Fiscal y cont\u00f3 con la intervenci\u00f3n de personal de la Divisi\u00f3n Delitos contra la Salud de Polic\u00eda de la Ciudad, ANMAT, DGCONTA y Ministerio de Salud de la Naci\u00f3n.<br>&nbsp;<br>El imputado fue trasladado a la Oficina Central de Identificaci\u00f3n para su fichado y constataci\u00f3n de antecedentes.<\/p>\n","protected":false},"excerpt":{"rendered":"<p>Tras un allanamiento realizado en un consultorio de mec\u00e1nica dental ubicado en el barrio de Villa Lugano, se dispuso la clausura del lugar y la imputaci\u00f3n del responsable por no contar con t\u00edtulo habilitante para ejercer dicha actividad. La Fiscal\u00eda PCyF 29, a cargo del Dr. An\u00edbal Brunet, investiga el caso.&nbsp;La causa se inici\u00f3 a [&hellip;]<\/p>\n","protected":false},"author":2,"featured_media":14822,"comment_status":"open","ping_status":"open","sticky":false,"template":"","format":"standard","meta":{"jnews-multi-image_gallery":[],"jnews_single_post":[],"jnews_primary_category":[],"jnews_social_meta":[],"jnews_review":[],"enable_review":"","type":"","name":"","summary":"","brand":"","sku":"","good":[],"bad":[],"score_override":"","override_value":"","rating":[],"price":[],"jnews_override_counter":[],"jnews_post_split":[],"footnotes":""},"categories":[64],"tags":[44,45],"class_list":["post-14821","post","type-post","status-publish","format-standard","has-post-thumbnail","hentry","category-sucesos","tag-argentina","tag-noticias"],"amp_enabled":true,"_links":{"self":[{"href":"https:\/\/esreviral.com\/index.php?rest_route=\/wp\/v2\/posts\/14821"}],"collection":[{"href":"https:\/\/esreviral.com\/index.php?rest_route=\/wp\/v2\/posts"}],"about":[{"href":"https:\/\/esreviral.com\/index.php?rest_route=\/wp\/v2\/types\/post"}],"author":[{"embeddable":true,"href":"https:\/\/esreviral.com\/index.php?rest_route=\/wp\/v2\/users\/2"}],"replies":[{"embeddable":true,"href":"https:\/\/esreviral.com\/index.php?rest_route=%2Fwp%2Fv2%2Fcomments&post=14821"}],"version-history":[{"count":0,"href":"https:\/\/esreviral.com\/index.php?rest_route=\/wp\/v2\/posts\/14821\/revisions"}],"wp:featuredmedia":[{"embeddable":true,"href":"https:\/\/esreviral.com\/index.php?rest_route=\/"}],"wp:attachment":[{"href":"https:\/\/esreviral.com\/index.php?rest_route=%2Fwp%2Fv2%2Fmedia&parent=14821"}],"wp:term":[{"taxonomy":"category","embeddable":true,"href":"https:\/\/esreviral.com\/index.php?rest_route=%2Fwp%2Fv2%2Fcategories&post=14821"},{"taxonomy":"post_tag","embeddable":true,"href":"https:\/\/esreviral.com\/index.php?rest_route=%2Fwp%2Fv2%2Ftags&post=14821"}],"curies":[{"name":"wp","href":"https:\/\/api.w.org\/{rel}","templated":true}]}}