{"id":14805,"date":"2022-02-23T16:02:31","date_gmt":"2022-02-23T19:02:31","guid":{"rendered":"https:\/\/esreviral.com\/?p=14805"},"modified":"2022-02-23T16:02:31","modified_gmt":"2022-02-23T19:02:31","slug":"fernandez-anuncio-la-inversion-de-15-mil-millones-de-pesos-para-la-ciencia-y-tecnologia","status":"publish","type":"post","link":"https:\/\/esreviral.com\/?p=14805","title":{"rendered":"Fern\u00e1ndez anunci\u00f3 la inversi\u00f3n de 15 mil millones de pesos para la ciencia y tecnolog\u00eda"},"content":{"rendered":"\n<p class=\"has-drop-cap\">El presidente Alberto Fern\u00e1ndez dijo este mediod\u00eda que \u201cpara desarrollarnos no tenemos que distribuir asistencia social, tenemos que distribuir trabajo e inversi\u00f3n. Y en los tiempos que vivimos la inversi\u00f3n est\u00e1 ligada indefectiblemente a la ciencia y la tecnolog\u00eda\u201d.<\/p>\n\n\n\n<p><br>Fue al encabezar en el Edificio \u201cCero + Infinito\u201d de la UBA en Ciudad Universitaria el acto de presentaci\u00f3n del plan de inversiones por alrededor de 15 mil millones de pesos que se impulsar\u00e1 desde la Agencia Nacional de Promoci\u00f3n de la Investigaci\u00f3n, el Desarrollo Tecnol\u00f3gico y la Innovaci\u00f3n (Agencia I+D+i) durante este a\u00f1o.<\/p>\n\n\n\n<p><br>\u201cEl futuro est\u00e1 en la educaci\u00f3n, el conocimiento, en el desarrollo de la ciencia y la tecnolog\u00eda. Las sociedades ricas se miden hoy por lo que saben y conocen, y por lo tanto no hay mejor dinero invertido\u201d que en esas \u00e1reas, asegur\u00f3 el mandatario.<\/p>\n\n\n\n<figure class=\"wp-block-image size-large\"><img decoding=\"async\" src=\"https:\/\/mail.google.com\/mail\/u\/0?ui=2&amp;ik=e534e86199&amp;attid=0.2&amp;permmsgid=msg-f:1725578916501174598&amp;th=17f27ce1cdf4b946&amp;view=att&amp;disp=safe\" alt=\"\"\/><\/figure>\n\n\n\n<p><br>Visitar Corrientes: tarea pendiente<\/p>\n\n\n\n<p>El presidente tambi\u00e9n anunci\u00f3 que el pr\u00f3ximo viernes visitar\u00e1 la provincia de Corrientes, la cual ya ha perdido 10% de su territorio debido al incesante fuego que los ataca desde hace d\u00edas<\/p>\n","protected":false},"excerpt":{"rendered":"<p>Fue al encabezar en el Edificio \u201cCero + Infinito\u201d de la UBA en Ciudad Universitaria<\/p>\n","protected":false},"author":2,"featured_media":14806,"comment_status":"open","ping_status":"open","sticky":false,"template":"","format":"standard","meta":{"jnews-multi-image_gallery":[],"jnews_single_post":[],"jnews_primary_category":[],"jnews_social_meta":[],"jnews_review":[],"enable_review":"","type":"","name":"","summary":"","brand":"","sku":"","good":[],"bad":[],"score_override":"","override_value":"","rating":[],"price":[],"jnews_override_counter":[],"jnews_post_split":[],"footnotes":""},"categories":[58,59],"tags":[86,44,45],"class_list":["post-14805","post","type-post","status-publish","format-standard","has-post-thumbnail","hentry","category-argentina","category-politica","tag-alberto-fernandez","tag-argentina","tag-noticias"],"_links":{"self":[{"href":"https:\/\/esreviral.com\/index.php?rest_route=\/wp\/v2\/posts\/14805","targetHints":{"allow":["GET"]}}],"collection":[{"href":"https:\/\/esreviral.com\/index.php?rest_route=\/wp\/v2\/posts"}],"about":[{"href":"https:\/\/esreviral.com\/index.php?rest_route=\/wp\/v2\/types\/post"}],"author":[{"embeddable":true,"href":"https:\/\/esreviral.com\/index.php?rest_route=\/wp\/v2\/users\/2"}],"replies":[{"embeddable":true,"href":"https:\/\/esreviral.com\/index.php?rest_route=%2Fwp%2Fv2%2Fcomments&post=14805"}],"version-history":[{"count":0,"href":"https:\/\/esreviral.com\/index.php?rest_route=\/wp\/v2\/posts\/14805\/revisions"}],"wp:featuredmedia":[{"embeddable":true,"href":"https:\/\/esreviral.com\/index.php?rest_route=\/"}],"wp:attachment":[{"href":"https:\/\/esreviral.com\/index.php?rest_route=%2Fwp%2Fv2%2Fmedia&parent=14805"}],"wp:term":[{"taxonomy":"category","embeddable":true,"href":"https:\/\/esreviral.com\/index.php?rest_route=%2Fwp%2Fv2%2Fcategories&post=14805"},{"taxonomy":"post_tag","embeddable":true,"href":"https:\/\/esreviral.com\/index.php?rest_route=%2Fwp%2Fv2%2Ftags&post=14805"}],"curies":[{"name":"wp","href":"https:\/\/api.w.org\/{rel}","templated":true}]}}