{"id":14786,"date":"2022-02-22T20:12:42","date_gmt":"2022-02-22T23:12:42","guid":{"rendered":"https:\/\/esreviral.com\/?p=14786"},"modified":"2022-02-22T20:12:42","modified_gmt":"2022-02-22T23:12:42","slug":"uno-de-los-heridos-del-helicoptero-que-cayo-en-barquisimeto-es-familiar-de-una-periodista-de-la-tv-argentina","status":"publish","type":"post","link":"https:\/\/esreviral.com\/?p=14786","title":{"rendered":"Uno de los heridos del helic\u00f3ptero que cay\u00f3 en Barquisimeto, es familiar de una periodista de la TV argentina"},"content":{"rendered":"\n<p><strong><em>CIS.- <\/em><\/strong>La tarde de este martes,<a href=\"https:\/\/www.instagram.com\/reel\/CaS0B3EOH0W\/?utm_source=ig_web_copy_link\"> se conoci\u00f3 la lamentable noticia que un helic\u00f3ptero se precipit\u00f3 en Pavia, al norte de Barquisimeto, al centroccidente de Venezuela,<\/a> en el hecho fallecieron dos funcionarios mientras que otros dos quedaron muy heridos. <\/p>\n\n\n\n<p><strong>Uno de los lesionados es Jos\u00e9 Antonio Salinas V\u00e1squez, de 38 a\u00f1os de edad, quien sufri\u00f3 traumatismos generalizados, adem\u00e1s de fractura craneal, en el t\u00f3rax y en las piernas.<\/strong><\/p>\n\n\n\n<p><strong>\u00c9l es primo de una reconocida periodista venezolana que trabaja en un canal de televisi\u00f3n en Argentina, oriunda del estado Yaracuy<\/strong> y quien coment\u00f3 que estaban orando mucho por la pronta recuperaci\u00f3n de Salinas V\u00e1squez, quien al parecer iba a una misi\u00f3n a Maracaibo. <\/p>\n\n\n\n<p>El otro es <strong>Willver Oswaldo Sumoza Doubronf, de 31a\u00f1os de edad,<\/strong> tambi\u00e9n con diversas fracturas pero la principal en el cr\u00e1neo que complica a\u00fan m\u00e1s su estado de salud. <\/p>\n\n\n\n<p>Ambos funcionarios militares se encuentran en estado delicado de salud.<\/p>\n\n\n\n<p>Se conoci\u00f3 que el helic\u00f3ptero en el que viajaban es ruso y supuestamente, no le habr\u00edan hecho el mantenimiento requerido, por lo que se gener\u00f3 una falla, sin embargo, las autoridades iniciaron la investigaci\u00f3n para determinar lo ocurrido.  <\/p>\n\n\n\n<figure class=\"wp-block-embed is-type-rich is-provider-twitter wp-block-embed-twitter\"><div class=\"wp-block-embed__wrapper\">\n<blockquote class=\"twitter-tweet\" data-width=\"500\" data-dnt=\"true\"><p lang=\"es\" dir=\"ltr\"><a href=\"https:\/\/twitter.com\/hashtag\/22Feb?src=hash&amp;ref_src=twsrc%5Etfw\">#22Feb<\/a> Ellos eran el Sargento Mayor de 3era Dervis Eligio S\u00e1nchez Medina (35) y la Sargento 2da Angela Garc\u00eda Perdomo (26) fallecidos en el accidente que se registr\u00f3 en Pavia, cuando un helic\u00f3ptero de la FANB se estrell\u00f3, las v\u00edctimas eran de <a href=\"https:\/\/twitter.com\/hashtag\/Yaracuy?src=hash&amp;ref_src=twsrc%5Etfw\">#Yaracuy<\/a>. <a href=\"https:\/\/twitter.com\/hashtag\/Sucesos?src=hash&amp;ref_src=twsrc%5Etfw\">#Sucesos<\/a> <a href=\"https:\/\/twitter.com\/hashtag\/Lara?src=hash&amp;ref_src=twsrc%5Etfw\">#Lara<\/a> <a href=\"https:\/\/t.co\/iy2eJYnWxT\">https:\/\/t.co\/iy2eJYnWxT<\/a> <a href=\"https:\/\/t.co\/YcF2JiISy6\">pic.twitter.com\/YcF2JiISy6<\/a><\/p>&mdash; Karina Peraza (@KaryPerazaR) <a href=\"https:\/\/twitter.com\/KaryPerazaR\/status\/1496259692431126535?ref_src=twsrc%5Etfw\">February 22, 2022<\/a><\/blockquote><script async src=\"https:\/\/platform.twitter.com\/widgets.js\" charset=\"utf-8\"><\/script>\n<\/div><\/figure>\n\n\n\n<figure class=\"wp-block-embed is-type-rich is-provider-twitter wp-block-embed-twitter\"><div class=\"wp-block-embed__wrapper\">\n<blockquote class=\"twitter-tweet\" data-width=\"500\" data-dnt=\"true\"><p lang=\"es\" dir=\"ltr\"><a href=\"https:\/\/twitter.com\/hashtag\/22Feb?src=hash&amp;ref_src=twsrc%5Etfw\">#22Feb<\/a> Fueron dos los militares que hasta ahora han sido trasladado al Seguro Pastor Oropeza de <a href=\"https:\/\/twitter.com\/hashtag\/Barquisimeto?src=hash&amp;ref_src=twsrc%5Etfw\">#Barquisimeto<\/a> heridos tras estrellarse un helic\u00f3ptero en Pavia en <a href=\"https:\/\/twitter.com\/hashtag\/Barquisimeto?src=hash&amp;ref_src=twsrc%5Etfw\">#Barquisimeto<\/a>. Este ser\u00eda el piloto de la aeronave <a href=\"https:\/\/twitter.com\/hashtag\/Lara?src=hash&amp;ref_src=twsrc%5Etfw\">#Lara<\/a> <a href=\"https:\/\/twitter.com\/hashtag\/Sucesos?src=hash&amp;ref_src=twsrc%5Etfw\">#Sucesos<\/a> v\u00eddeo cortes\u00eda <a href=\"https:\/\/t.co\/yqyhlK33fZ\">pic.twitter.com\/yqyhlK33fZ<\/a><\/p>&mdash; Karina Peraza (@KaryPerazaR) <a href=\"https:\/\/twitter.com\/KaryPerazaR\/status\/1496203483665604608?ref_src=twsrc%5Etfw\">February 22, 2022<\/a><\/blockquote><script async src=\"https:\/\/platform.twitter.com\/widgets.js\" charset=\"utf-8\"><\/script>\n<\/div><\/figure>\n","protected":false},"excerpt":{"rendered":"<p>Se conoci\u00f3 que el helic\u00f3ptero en el que viajaban es ruso y supuestamente, no le habr\u00edan hecho el mantenimiento requerido, por lo que se gener\u00f3 una falla, sin embargo, las autoridades iniciaron la investigaci\u00f3n para determinar lo ocurrido<\/p>\n","protected":false},"author":2,"featured_media":14787,"comment_status":"open","ping_status":"open","sticky":false,"template":"","format":"standard","meta":{"jnews-multi-image_gallery":[],"jnews_single_post":[],"jnews_primary_category":[],"jnews_social_meta":[],"jnews_review":[],"enable_review":"","type":"","name":"","summary":"","brand":"","sku":"","good":[],"bad":[],"score_override":"","override_value":"","rating":[],"price":[],"jnews_override_counter":[],"jnews_post_split":[],"footnotes":""},"categories":[66],"tags":[1377,473,45,1592,56],"class_list":["post-14786","post","type-post","status-publish","format-standard","has-post-thumbnail","hentry","category-venezuela","tag-helicoptero","tag-lara","tag-noticias","tag-pavia","tag-venezuela"],"amp_enabled":true,"_links":{"self":[{"href":"https:\/\/esreviral.com\/index.php?rest_route=\/wp\/v2\/posts\/14786"}],"collection":[{"href":"https:\/\/esreviral.com\/index.php?rest_route=\/wp\/v2\/posts"}],"about":[{"href":"https:\/\/esreviral.com\/index.php?rest_route=\/wp\/v2\/types\/post"}],"author":[{"embeddable":true,"href":"https:\/\/esreviral.com\/index.php?rest_route=\/wp\/v2\/users\/2"}],"replies":[{"embeddable":true,"href":"https:\/\/esreviral.com\/index.php?rest_route=%2Fwp%2Fv2%2Fcomments&post=14786"}],"version-history":[{"count":0,"href":"https:\/\/esreviral.com\/index.php?rest_route=\/wp\/v2\/posts\/14786\/revisions"}],"wp:featuredmedia":[{"embeddable":true,"href":"https:\/\/esreviral.com\/index.php?rest_route=\/"}],"wp:attachment":[{"href":"https:\/\/esreviral.com\/index.php?rest_route=%2Fwp%2Fv2%2Fmedia&parent=14786"}],"wp:term":[{"taxonomy":"category","embeddable":true,"href":"https:\/\/esreviral.com\/index.php?rest_route=%2Fwp%2Fv2%2Fcategories&post=14786"},{"taxonomy":"post_tag","embeddable":true,"href":"https:\/\/esreviral.com\/index.php?rest_route=%2Fwp%2Fv2%2Ftags&post=14786"}],"curies":[{"name":"wp","href":"https:\/\/api.w.org\/{rel}","templated":true}]}}