{"id":14779,"date":"2022-02-22T19:57:12","date_gmt":"2022-02-22T22:57:12","guid":{"rendered":"https:\/\/esreviral.com\/?p=14779"},"modified":"2022-02-22T19:57:12","modified_gmt":"2022-02-22T22:57:12","slug":"en-migraciones-nos-usaron-para-la-campana-politica-madre-de-nina-intimada","status":"publish","type":"post","link":"https:\/\/esreviral.com\/?p=14779","title":{"rendered":"\u00abEn Migraciones nos usaron para la campa\u00f1a pol\u00edtica\u00bb: madre de ni\u00f1a intimada"},"content":{"rendered":"\n<p><em><strong>CIS.- <\/strong><\/em>El 8 de julio de 2021, <strong><a href=\"https:\/\/esreviral.com\/2021\/07\/08\/mas-de-seis-mil-ninos-venezolanos-que-estaban-intimados-recibiran-dni-en-argentina\/\">Migraciones Argentina hizo un acto donde estuvo presente el ministro de interior Eduardo \u00abWado\u00bb De Pedro y en el que se asegur\u00f3 que resolver\u00edan el problema de identificaci\u00f3n de los ni\u00f1os venezolanos<\/a><\/strong> que no hab\u00edan podido obtener su DNI y estaban intimados. <\/p>\n\n\n\n<p>A ese acto asistieron varios representantes de distintas asociaciones de venezolanos en Argentina, <strong>quienes aplaudieron y avalaron la decisi\u00f3n pero realmente no resolvieron el problema todos. <\/strong><\/p>\n\n\n\n<p><strong>\u00abNo usaron para la campa\u00f1a pol\u00edtica\u00bb, asegur\u00f3 Rucxena Nogales<\/strong>, quien no s\u00f3lo habr\u00eda vivido supuestos maltratos por parte de un funcionario de Migraciones sino que adem\u00e1s, intimaron nuevamente a su hija a pesar de que habr\u00eda cumplido con los requisitos dentro del lapso estipulado para la resoluci\u00f3n del problema. <\/p>\n\n\n\n<figure class=\"wp-block-image size-large\"><img decoding=\"async\" src=\"https:\/\/esreviral.com\/wp-content\/uploads\/2022\/02\/Captura-de-Pantalla-2022-02-22-a-las-19.52.57-1024x865.png\" alt=\"\" class=\"wp-image-14782\"\/><figcaption>Algunos de los representantes de las distintas asociaciones de venezolanos que estuvieron en el acto con el ministro De Pedro<\/figcaption><\/figure>\n\n\n\n<p><strong>\u00abEl d\u00eda 8 de julio sali\u00f3 la disposici\u00f3n, el 24 me met\u00ed por la p\u00e1gina, el sistema me dio fecha para el 13 de octubre,<\/strong> cuando me presento all\u00e1 con la ni\u00f1a, me pasaron con varios supervisores, me pon\u00edan muchos peros, <strong>una de ellas me dice que efectivamente fue un error del sistema y ahora en febrero me dice que estoy intimada por falta de pasaporte\u00bb. <\/strong><\/p>\n\n\n\n<p>Ella sac\u00f3 a su hija de Venezuela hace cuatro a\u00f1os y el costo del pasaporte era excesivamente costoso, por lo cual no pod\u00eda pagarlo, as\u00ed que la ingres\u00f3 al pa\u00eds s\u00f3lo con partida de nacimiento y en Migraciones le exigen un documento con huella y foto o el certificado de nacionalidad que no emiten en la embajada desde el 2019. <\/p>\n\n\n\n<p>\u00abEl d\u00eda de la cita el funcionario me dijo de todo, que los migrantes deben tener los documentos legales; le mostr\u00e9 el video de la directora de migraciones, Florencia Carignano, me respondi\u00f3 que no le importaba, me maltrat\u00f3, me manote\u00f3 el tel\u00e9fono, eso no me interesa, me repet\u00eda. En eso me llam\u00f3 la otra funcionaria que fue m\u00e1s amable porque se dio cuenta lo que estaba viviendo\u00bb, cont\u00f3 Nogales. <\/p>\n\n\n\n<p>Seg\u00fan ella hab\u00edan otras dos familias con situaciones similares a la de ella, por lo que le preocupa que sean muchos m\u00e1s que tengan a sus hijos intimados a pesar de las promesas. <\/p>\n\n\n\n<p>\u00abEse mismo d\u00eda me acerqu\u00e9 al puesto de Conare, ah\u00ed el trato fue muy distinto, me actualiz\u00f3 el refugio de la ni\u00f1a; sal\u00ed muy mal y me dirig\u00ed a  a la Defensor\u00eda, donde me indicaron que mi caso ahora lo llevar\u00eda la subdirectora de Migraciones\u00bb.<\/p>\n\n\n\n<p>Lea tambi\u00e9n: <a href=\"https:\/\/esreviral.com\/2021\/03\/19\/provear-y-migraciones-acordaron-trabajar-para-resolver-casos-irregulares-de-venezolanos-en-argentina\/\">PROVEAR Y MIGRACIONES ACORDARON TRABAJAR PARA RESOLVER CASOS IRREGULARES DE VENEZOLANOS EN ARGENTINA<\/a><\/p>\n","protected":false},"excerpt":{"rendered":"<p>A pesar de la promesa de resolver el problema a m\u00e1s de seis mil ni\u00f1os, a\u00fan muchos quedaron intimados a pesar de cumplir con los recaudos<\/p>\n","protected":false},"author":2,"featured_media":14784,"comment_status":"open","ping_status":"open","sticky":false,"template":"","format":"standard","meta":{"jnews-multi-image_gallery":[],"jnews_single_post":[],"jnews_primary_category":[],"jnews_social_meta":[],"jnews_review":[],"enable_review":"","type":"","name":"","summary":"","brand":"","sku":"","good":[],"bad":[],"score_override":"","override_value":"","rating":[],"price":[],"jnews_override_counter":[],"jnews_post_split":[],"footnotes":""},"categories":[54],"tags":[44,951,647,1583,45,67],"class_list":["post-14779","post","type-post","status-publish","format-standard","has-post-thumbnail","hentry","category-inmigracion","tag-argentina","tag-dni","tag-migraciones-argentina","tag-ninos-venezolanos","tag-noticias","tag-venezolanos-en-argentina"],"amp_enabled":true,"_links":{"self":[{"href":"https:\/\/esreviral.com\/index.php?rest_route=\/wp\/v2\/posts\/14779"}],"collection":[{"href":"https:\/\/esreviral.com\/index.php?rest_route=\/wp\/v2\/posts"}],"about":[{"href":"https:\/\/esreviral.com\/index.php?rest_route=\/wp\/v2\/types\/post"}],"author":[{"embeddable":true,"href":"https:\/\/esreviral.com\/index.php?rest_route=\/wp\/v2\/users\/2"}],"replies":[{"embeddable":true,"href":"https:\/\/esreviral.com\/index.php?rest_route=%2Fwp%2Fv2%2Fcomments&post=14779"}],"version-history":[{"count":0,"href":"https:\/\/esreviral.com\/index.php?rest_route=\/wp\/v2\/posts\/14779\/revisions"}],"wp:featuredmedia":[{"embeddable":true,"href":"https:\/\/esreviral.com\/index.php?rest_route=\/"}],"wp:attachment":[{"href":"https:\/\/esreviral.com\/index.php?rest_route=%2Fwp%2Fv2%2Fmedia&parent=14779"}],"wp:term":[{"taxonomy":"category","embeddable":true,"href":"https:\/\/esreviral.com\/index.php?rest_route=%2Fwp%2Fv2%2Fcategories&post=14779"},{"taxonomy":"post_tag","embeddable":true,"href":"https:\/\/esreviral.com\/index.php?rest_route=%2Fwp%2Fv2%2Ftags&post=14779"}],"curies":[{"name":"wp","href":"https:\/\/api.w.org\/{rel}","templated":true}]}}