{"id":1476,"date":"2020-11-10T12:58:10","date_gmt":"2020-11-10T12:58:10","guid":{"rendered":"http:\/\/esreviral.com\/?p=1476"},"modified":"2020-11-10T12:58:10","modified_gmt":"2020-11-10T12:58:10","slug":"insistiran-el-gobierno-enviara-este-mes-al-congreso-el-proyecto-para-legalizar-el-aborto-en-argentina","status":"publish","type":"post","link":"https:\/\/esreviral.com\/?p=1476","title":{"rendered":"Insistir\u00e1n. El Gobierno enviar\u00e1 este mes al Congreso el proyecto para legalizar el aborto en Argentina"},"content":{"rendered":"\n<p>El presidente argentino, Alberto Fern\u00e1ndez , enviar\u00e1 este mes el proyecto de ley al congreso para que sea aprobado el aborto legal en Argentina. <\/p>\n\n\n\n<p>\u00abEl Presidente va a hacer el anuncio. El env\u00edo va a ser en el curso de este mes. Va a ser incorporado al temario de sesiones extraordinarios. Queremos un tr\u00e1mite razonablemente r\u00e1pido, esto fue muy debatido en 2018\u00bb, inform\u00f3 la Secretaria Legal y T\u00e9cnica de la Presidencia, Vilma Ibarra en conversaciones con\u00a0<em>C5N<\/em>.<\/p>\n\n\n\n<p>Se espera que la discusi\u00f3n se haga en sesiones extraordinarias del Congreso, para as\u00ed cumplir con las promesas hechas por Fern\u00e1ndez durante la campa\u00f1a y que ratific\u00f3 el 1 de marzo cuando tom\u00f3 el poder en 2019. \u00abEl env\u00edo significa que nosotros vamos a empujar porque\u00a0<strong>nosotros queremos que sea ley<\/strong>. Tenemos que persuadir, explicar y respetar\u00bb.<\/p>\n","protected":false},"excerpt":{"rendered":"<p>As\u00ed lo confirm\u00f3 Vilma Ibarra, la abogada y Secretaria Legal y T\u00e9cnica de la Presidencia<\/p>\n","protected":false},"author":2,"featured_media":1477,"comment_status":"open","ping_status":"open","sticky":false,"template":"","format":"standard","meta":{"jnews-multi-image_gallery":[],"jnews_single_post":[],"jnews_primary_category":[],"jnews_social_meta":[],"jnews_review":[],"enable_review":"","type":"","name":"","summary":"","brand":"","sku":"","good":[],"bad":[],"score_override":"","override_value":"","rating":[],"price":[],"jnews_override_counter":[],"jnews_post_split":[],"footnotes":""},"categories":[58,59],"tags":[229,44,167,45],"class_list":["post-1476","post","type-post","status-publish","format-standard","has-post-thumbnail","hentry","category-argentina","category-politica","tag-aborto-legal","tag-argentina","tag-congreso","tag-noticias"],"amp_enabled":true,"_links":{"self":[{"href":"https:\/\/esreviral.com\/index.php?rest_route=\/wp\/v2\/posts\/1476"}],"collection":[{"href":"https:\/\/esreviral.com\/index.php?rest_route=\/wp\/v2\/posts"}],"about":[{"href":"https:\/\/esreviral.com\/index.php?rest_route=\/wp\/v2\/types\/post"}],"author":[{"embeddable":true,"href":"https:\/\/esreviral.com\/index.php?rest_route=\/wp\/v2\/users\/2"}],"replies":[{"embeddable":true,"href":"https:\/\/esreviral.com\/index.php?rest_route=%2Fwp%2Fv2%2Fcomments&post=1476"}],"version-history":[{"count":0,"href":"https:\/\/esreviral.com\/index.php?rest_route=\/wp\/v2\/posts\/1476\/revisions"}],"wp:featuredmedia":[{"embeddable":true,"href":"https:\/\/esreviral.com\/index.php?rest_route=\/"}],"wp:attachment":[{"href":"https:\/\/esreviral.com\/index.php?rest_route=%2Fwp%2Fv2%2Fmedia&parent=1476"}],"wp:term":[{"taxonomy":"category","embeddable":true,"href":"https:\/\/esreviral.com\/index.php?rest_route=%2Fwp%2Fv2%2Fcategories&post=1476"},{"taxonomy":"post_tag","embeddable":true,"href":"https:\/\/esreviral.com\/index.php?rest_route=%2Fwp%2Fv2%2Ftags&post=1476"}],"curies":[{"name":"wp","href":"https:\/\/api.w.org\/{rel}","templated":true}]}}