{"id":14738,"date":"2022-02-21T10:27:58","date_gmt":"2022-02-21T13:27:58","guid":{"rendered":"https:\/\/esreviral.com\/?p=14738"},"modified":"2022-02-21T10:27:58","modified_gmt":"2022-02-21T13:27:58","slug":"bolivia-enviara-a-brigadistas-para-combatir-el-fuego-en-corrientes","status":"publish","type":"post","link":"https:\/\/esreviral.com\/?p=14738","title":{"rendered":"Bolivia enviar\u00e1 a brigadistas para combatir el fuego en Corrientes"},"content":{"rendered":"\n<figure class=\"wp-block-table\"><table><tbody><tr><td>El presidente de Bolivia, Luis Arce, aprob\u00f3 el traslado de 70 brigadistas bolivianos para ayudar a apagar los incendios en la provincia de\u00a0 Corrientes.<br>Esta gesti\u00f3n fue posible por el trabajo realizado por la Canciller\u00eda argentina a trav\u00e9s del embajador argentino en Bolivia, Ariel Basteiro, en coordinaci\u00f3n con el viceministro de Defensa Civil Juan Carlos Calvimontes, y el Ministerio de Medio Ambiente y Desarrollo Sostenible de Argentina.<br><br>Cabe recordar que el Ministerio de Ambiente y Desarrollo Sostenible, a trav\u00e9s del Servicio Nacional de Manejo del Fuego (SNMF), dict\u00f3 en septiembre pasado una formaci\u00f3n pr\u00e1ctica para brigadistas de incendios forestales de Bolivia. La articulaci\u00f3n se dio en el marco de un acuerdo de cooperaci\u00f3n sellado entre ambos pa\u00edses, que responde al pedido del pa\u00eds lim\u00edtrofe de fortalecer las capacidades de sus recursos humanos en materia de lucha contra el fuego, en base a la experiencia de nuestro Sistema Nacional.<br><br>La comitiva argentina conformada por instructores del SNMF y de la Administraci\u00f3n de Parques Nacionales, brind\u00f3 la capacitaci\u00f3n mediante cursos y talleres realizados en Santa Cruz de la Sierra, incrementando el profesionalismo de los brigadistas de Bolivia quienes ahora apoyar\u00e1n a nuestro pa\u00eds ante la crisis \u00edgnea.<br><br>\u00ab<strong>El a\u00f1o pasado trajimos instructores argentinos para capacitar a brigadistas bolivianos en apagar incendios. Hoy, ese equipo de brigadistas bolivianos est\u00e1 viajando a Corrientes y Entre R\u00edos para sumarse a los equipos que est\u00e1n luchando contra los incendios. Este es el producto de la hermandad sincera entre dos pueblos hermanos y las gestiones que realizamos por la unidad de nuestros pa\u00edses. Agradecemos al Presidente y al Gobierno de Bolivia, a los brigadistas y al pueblo boliviano por la solidaridad y unidad que se demuestra entre pa\u00edses hermanos en momentos dif\u00edciles<\/strong>\u00ab, manifest\u00f3 el embajador argentino en Bolivia, Ariel Basteiro.<\/td><\/tr><tr><\/tr><\/tbody><\/table><\/figure>\n\n\n\n<p class=\"has-text-align-right\"><strong><em>Prensa Canciller\u00eda de Argentina.-<\/em><\/strong><\/p>\n","protected":false},"excerpt":{"rendered":"<p>El presidente de Bolivia, Luis Arce, aprob\u00f3 el traslado de 70 brigadistas bolivianos para ayudar a apagar los incendios en la provincia de\u00a0 Corrientes.Esta gesti\u00f3n fue posible por el trabajo realizado por la Canciller\u00eda argentina a trav\u00e9s del embajador argentino en Bolivia, Ariel Basteiro, en coordinaci\u00f3n con el viceministro de Defensa Civil Juan Carlos Calvimontes, [&hellip;]<\/p>\n","protected":false},"author":2,"featured_media":14739,"comment_status":"open","ping_status":"open","sticky":false,"template":"","format":"standard","meta":{"jnews-multi-image_gallery":[],"jnews_single_post":[],"jnews_primary_category":[],"jnews_social_meta":[],"jnews_review":[],"enable_review":"","type":"","name":"","summary":"","brand":"","sku":"","good":[],"bad":[],"score_override":"","override_value":"","rating":[],"price":[],"jnews_override_counter":[],"jnews_post_split":[],"footnotes":""},"categories":[88],"tags":[44,109,1118,933,45],"class_list":["post-14738","post","type-post","status-publish","format-standard","has-post-thumbnail","hentry","category-internacionales","tag-argentina","tag-bolivia","tag-corrientes","tag-incendio","tag-noticias"],"_links":{"self":[{"href":"https:\/\/esreviral.com\/index.php?rest_route=\/wp\/v2\/posts\/14738","targetHints":{"allow":["GET"]}}],"collection":[{"href":"https:\/\/esreviral.com\/index.php?rest_route=\/wp\/v2\/posts"}],"about":[{"href":"https:\/\/esreviral.com\/index.php?rest_route=\/wp\/v2\/types\/post"}],"author":[{"embeddable":true,"href":"https:\/\/esreviral.com\/index.php?rest_route=\/wp\/v2\/users\/2"}],"replies":[{"embeddable":true,"href":"https:\/\/esreviral.com\/index.php?rest_route=%2Fwp%2Fv2%2Fcomments&post=14738"}],"version-history":[{"count":0,"href":"https:\/\/esreviral.com\/index.php?rest_route=\/wp\/v2\/posts\/14738\/revisions"}],"wp:featuredmedia":[{"embeddable":true,"href":"https:\/\/esreviral.com\/index.php?rest_route=\/"}],"wp:attachment":[{"href":"https:\/\/esreviral.com\/index.php?rest_route=%2Fwp%2Fv2%2Fmedia&parent=14738"}],"wp:term":[{"taxonomy":"category","embeddable":true,"href":"https:\/\/esreviral.com\/index.php?rest_route=%2Fwp%2Fv2%2Fcategories&post=14738"},{"taxonomy":"post_tag","embeddable":true,"href":"https:\/\/esreviral.com\/index.php?rest_route=%2Fwp%2Fv2%2Ftags&post=14738"}],"curies":[{"name":"wp","href":"https:\/\/api.w.org\/{rel}","templated":true}]}}