{"id":14650,"date":"2022-02-17T12:49:35","date_gmt":"2022-02-17T15:49:35","guid":{"rendered":"https:\/\/esreviral.com\/?p=14650"},"modified":"2022-02-17T12:49:35","modified_gmt":"2022-02-17T15:49:35","slug":"hallan-cadaver-de-joven-venezolano-en-estado-de-descomposicion","status":"publish","type":"post","link":"https:\/\/esreviral.com\/?p=14650","title":{"rendered":"Hallan cad\u00e1ver de joven venezolano en estado de descomposici\u00f3n"},"content":{"rendered":"\n<p class=\"has-text-align-left\"><strong><em>CIS.- <\/em><\/strong>Luego de ocho d\u00edas desaparecido, fue hallado el cad\u00e1ver del joven Omar Eduardo Hern\u00e1ndez Campos, de 22 a\u00f1os a\u00f1os de edad, en la ciudad de Guayaquil, Ecuador. <\/p>\n\n\n\n<p>El hallazgo lo hizo un recolector de botellas, quien se sorprendi\u00f3 al ver en medio del matorral una bolsa con algo pesado, al llamar a las autoridades, verificaron y efectivamente comprobaron que era el cuerpo sin vida del joven oriundo de de Guayabal, estado Guarico.<\/p>\n\n\n\n<p>Seg\u00fan conocidos de la v\u00edctima, trabajaba en una lavander\u00eda y resid\u00eda junto a una t\u00eda en Ecuador, desde hac\u00eda un a\u00f1o. <\/p>\n\n\n\n<p>\u00abEl d\u00eda que ten\u00edan libre la t\u00eda se fue a visitar a un familiar y \u00e9l qued\u00f3 en casa. Cuando regres\u00f3, ya el chico no estaba, y al d\u00eda siguiente que le tocaba trabajar tampoco fue, ah\u00ed se preocup\u00f3 xq nunca faltaba en el trabajo\u00bb, coment\u00f3 un amigo de la familia. <\/p>\n\n\n\n<p>As\u00ed fue como inici\u00f3 la b\u00fasqueda de Hern\u00e1ndez Campos, quien al parecer, eera sano y \u00abno estaba metido en cosas raras\u00bb. <\/p>\n","protected":false},"excerpt":{"rendered":"<p>Ten\u00eda ocho d\u00edas desaparecido<\/p>\n","protected":false},"author":2,"featured_media":14651,"comment_status":"open","ping_status":"open","sticky":false,"template":"","format":"standard","meta":{"jnews-multi-image_gallery":[],"jnews_single_post":[],"jnews_primary_category":[],"jnews_social_meta":[],"jnews_review":[],"enable_review":"","type":"","name":"","summary":"","brand":"","sku":"","good":[],"bad":[],"score_override":"","override_value":"","rating":[],"price":[],"jnews_override_counter":[],"jnews_post_split":[],"footnotes":""},"categories":[54,64],"tags":[1576,45,788],"class_list":["post-14650","post","type-post","status-publish","format-standard","has-post-thumbnail","hentry","category-inmigracion","category-sucesos","tag-guayaquil","tag-noticias","tag-venezolanos-en-ecuador"],"_links":{"self":[{"href":"https:\/\/esreviral.com\/index.php?rest_route=\/wp\/v2\/posts\/14650","targetHints":{"allow":["GET"]}}],"collection":[{"href":"https:\/\/esreviral.com\/index.php?rest_route=\/wp\/v2\/posts"}],"about":[{"href":"https:\/\/esreviral.com\/index.php?rest_route=\/wp\/v2\/types\/post"}],"author":[{"embeddable":true,"href":"https:\/\/esreviral.com\/index.php?rest_route=\/wp\/v2\/users\/2"}],"replies":[{"embeddable":true,"href":"https:\/\/esreviral.com\/index.php?rest_route=%2Fwp%2Fv2%2Fcomments&post=14650"}],"version-history":[{"count":0,"href":"https:\/\/esreviral.com\/index.php?rest_route=\/wp\/v2\/posts\/14650\/revisions"}],"wp:featuredmedia":[{"embeddable":true,"href":"https:\/\/esreviral.com\/index.php?rest_route=\/"}],"wp:attachment":[{"href":"https:\/\/esreviral.com\/index.php?rest_route=%2Fwp%2Fv2%2Fmedia&parent=14650"}],"wp:term":[{"taxonomy":"category","embeddable":true,"href":"https:\/\/esreviral.com\/index.php?rest_route=%2Fwp%2Fv2%2Fcategories&post=14650"},{"taxonomy":"post_tag","embeddable":true,"href":"https:\/\/esreviral.com\/index.php?rest_route=%2Fwp%2Fv2%2Ftags&post=14650"}],"curies":[{"name":"wp","href":"https:\/\/api.w.org\/{rel}","templated":true}]}}