{"id":14647,"date":"2022-02-17T12:35:54","date_gmt":"2022-02-17T15:35:54","guid":{"rendered":"https:\/\/esreviral.com\/?p=14647"},"modified":"2022-02-17T12:35:54","modified_gmt":"2022-02-17T15:35:54","slug":"desgarrador-testimonio-de-una-madre-venezolana-que-le-mataron-a-su-hijo-en-la-frontera-con-cucuta","status":"publish","type":"post","link":"https:\/\/esreviral.com\/?p=14647","title":{"rendered":"Desgarrador testimonio de una madre venezolana que le mataron a su hijo en la frontera con C\u00facuta"},"content":{"rendered":"\n<p><strong><em>CIS \/ Foto:cortes\u00eda.- <\/em><\/strong>Desgarrador testimonio de una venezolana, madre de un adolescente de 17 a\u00f1os de edad, v\u00edctima de un doble homicidio registrado anoche en la trocha Los Peracos del municipio\u00a0<a href=\"https:\/\/www.instagram.com\/explore\/tags\/cucuta\/\">C\u00facuta<\/a>\u00a0en\u00a0<a href=\"https:\/\/www.instagram.com\/explore\/tags\/colombia\/\">Colombia<\/a><\/p>\n\n\n\n<p>De acuerdo al testimonio de la progenitora de uno de los fallecidos, las autoridades no se hab\u00edan apersonado al sitio del sucesos, 10 horas despu\u00e9s del hecho. Cabe destacar que por el lugar transitan contrabandistas y grupos armados.<\/p>\n\n\n\n<p>Hasta ahora se desconocen las causas del hecho, pues seg\u00fan ella, su hijo era estudiante y sus padres le daban todo lo necesario.<\/p>\n\n\n\n<p>El hoy occiso ten\u00eda cuatro a\u00f1os en Colombia y sus padres reclaman justicia.<\/p>\n\n\n\n<figure class=\"wp-block-embed is-type-rich is-provider-twitter wp-block-embed-twitter\"><div class=\"wp-block-embed__wrapper\">\n<blockquote class=\"twitter-tweet\" data-width=\"500\" data-dnt=\"true\"><p lang=\"es\" dir=\"ltr\"><a href=\"https:\/\/twitter.com\/hashtag\/17feb?src=hash&amp;ref_src=twsrc%5Etfw\">#17feb<\/a> Desgarrador testimonio de una madre venezolana a cuyo hijo, de 17 a\u00f1os de edad, asesinaron en la trocha <a href=\"https:\/\/twitter.com\/hashtag\/LosParacos?src=hash&amp;ref_src=twsrc%5Etfw\">#LosParacos<\/a> de C\u00facuta. V\u00eda <a href=\"https:\/\/twitter.com\/Gonzalo_OrduzG?ref_src=twsrc%5Etfw\">@Gonzalo_OrduzG<\/a> <a href=\"https:\/\/t.co\/EyKmqAfS6v\">pic.twitter.com\/EyKmqAfS6v<\/a><\/p>&mdash; ES RE VIRAL (@esreviral) <a href=\"https:\/\/twitter.com\/esreviral\/status\/1494329173329932313?ref_src=twsrc%5Etfw\">February 17, 2022<\/a><\/blockquote><script async src=\"https:\/\/platform.twitter.com\/widgets.js\" charset=\"utf-8\"><\/script>\n<\/div><\/figure>\n","protected":false},"excerpt":{"rendered":"<p>CIS \/ Foto:cortes\u00eda.- Desgarrador testimonio de una venezolana, madre de un adolescente de 17 a\u00f1os de edad, v\u00edctima de un doble homicidio registrado anoche en la trocha Los Peracos del municipio\u00a0C\u00facuta\u00a0en\u00a0Colombia De acuerdo al testimonio de la progenitora de uno de los fallecidos, las autoridades no se hab\u00edan apersonado al sitio del sucesos, 10 horas [&hellip;]<\/p>\n","protected":false},"author":2,"featured_media":14648,"comment_status":"open","ping_status":"open","sticky":false,"template":"","format":"standard","meta":{"jnews-multi-image_gallery":[],"jnews_single_post":[],"jnews_primary_category":[],"jnews_social_meta":[],"jnews_review":[],"enable_review":"","type":"","name":"","summary":"","brand":"","sku":"","good":[],"bad":[],"score_override":"","override_value":"","rating":[],"price":[],"jnews_override_counter":[],"jnews_post_split":[],"footnotes":""},"categories":[54,64],"tags":[1574,45,1575,743],"class_list":["post-14647","post","type-post","status-publish","format-standard","has-post-thumbnail","hentry","category-inmigracion","category-sucesos","tag-cucuta","tag-noticias","tag-peracos","tag-venezolanos-en-colombia"],"_links":{"self":[{"href":"https:\/\/esreviral.com\/index.php?rest_route=\/wp\/v2\/posts\/14647","targetHints":{"allow":["GET"]}}],"collection":[{"href":"https:\/\/esreviral.com\/index.php?rest_route=\/wp\/v2\/posts"}],"about":[{"href":"https:\/\/esreviral.com\/index.php?rest_route=\/wp\/v2\/types\/post"}],"author":[{"embeddable":true,"href":"https:\/\/esreviral.com\/index.php?rest_route=\/wp\/v2\/users\/2"}],"replies":[{"embeddable":true,"href":"https:\/\/esreviral.com\/index.php?rest_route=%2Fwp%2Fv2%2Fcomments&post=14647"}],"version-history":[{"count":0,"href":"https:\/\/esreviral.com\/index.php?rest_route=\/wp\/v2\/posts\/14647\/revisions"}],"wp:featuredmedia":[{"embeddable":true,"href":"https:\/\/esreviral.com\/index.php?rest_route=\/"}],"wp:attachment":[{"href":"https:\/\/esreviral.com\/index.php?rest_route=%2Fwp%2Fv2%2Fmedia&parent=14647"}],"wp:term":[{"taxonomy":"category","embeddable":true,"href":"https:\/\/esreviral.com\/index.php?rest_route=%2Fwp%2Fv2%2Fcategories&post=14647"},{"taxonomy":"post_tag","embeddable":true,"href":"https:\/\/esreviral.com\/index.php?rest_route=%2Fwp%2Fv2%2Ftags&post=14647"}],"curies":[{"name":"wp","href":"https:\/\/api.w.org\/{rel}","templated":true}]}}