{"id":14542,"date":"2022-02-15T14:44:31","date_gmt":"2022-02-15T17:44:31","guid":{"rendered":"https:\/\/esreviral.com\/?p=14542"},"modified":"2022-02-15T14:44:31","modified_gmt":"2022-02-15T17:44:31","slug":"enmanuel-villalobos-lanza-nos-fuimos-a-barras-contra-el-odio-a-todo-nivel","status":"publish","type":"post","link":"https:\/\/esreviral.com\/?p=14542","title":{"rendered":"Enmanuel Villalobos lanza \u00abNos Fuimos a Barras\u00bb, contra el odio a todo nivel"},"content":{"rendered":"\n<p class=\"has-drop-cap\">Com\u00fanmente cientos de usuarios en redes sociales se esconden tras un teclado para descargar comentarios llenos de ira, odio, venganza, intolerancia o simplemente puntos de vista respetables carentes de empat\u00eda lo que hace que vivir en sociedad parece haberse convertido en un deporte extremo en el que sobrevive el que sea m\u00e1s capaz de sobrellevar la carga de los juicios y no el que tenga mayores argumentos para darle validez a su pensar. Simplificando lo dicho: El odio parece estar normalizado.<br><br>En ese contexto, <strong>el periodista Enmanuel Villalobos ha decidido emprender un nuevo proyecto en su carrera bautizado como \u00abNos fuimos a Barras\u00bb en el que aspira dedicarse a combatir desde su propia ventana<\/strong>, no solo la intolerancia propia de las redes sociales, sino los comentarios cotidianos que han transformado nuestras rutinas en ambientes hostiles. \u00abEs necesario tener alg\u00fan contenido que nos ayude a despertar de tanta furia, nos hemos convertido en jueces sin saberlo y a muchos, no es hasta que nos toca sentarnos en el sill\u00f3n de los acusados, que descubrimos cu\u00e1n duros somos con los dem\u00e1s\u00bb, asegura.<br><\/p>\n\n\n\n<p class=\"has-drop-cap\"><br>Nos fuimos a Barras, un t\u00e9rmino usado en el lenguaje televisivo cuando se ha perdido la se\u00f1al o cuando no hay imagen, es la marca que acompa\u00f1ar\u00e1 al contenido en su cuenta de redes sociales y que <strong>estar\u00e1 dirigido precisamente a visibilizar desde las cifras, los argumentos s\u00f3lidos y los casos cotidianos aquellos episodios en los que la humanidad sencillamente parece desaparecer.<\/strong><\/p>\n\n\n\n<div class=\"wp-block-image\"><figure class=\"alignright size-large is-resized\"><img fetchpriority=\"high\" decoding=\"async\" src=\"https:\/\/mcusercontent.com\/d3a54b26da5653e2fb8c90fa2\/_compresseds\/46997019-bd12-f63e-99a1-e99f31b7df64.jpg\" alt=\"\" width=\"345\" height=\"509\"\/><\/figure><\/div>\n\n\n\n<p><strong>\u00abMe falta muchisimo para ser un activista por los derechos de las minor\u00edas, enti\u00e9ndase los latinos en Estados Unidos, la comunidad LGBTQ+, <\/strong>los afroamericanos, cualquier grupo poco representado, pero como periodista quiero usar las herramientas de procesamiento y an\u00e1lisis de datos para visibilizar hechos. No siempre los comunicadores estamos casados con un tema porque tenemos que cubrir m\u00faltiples fuentes, pero es una bendici\u00f3n encontrar algo que te impulse\u00bb, indica.<br><br><strong><span style=\"background-color:#9a1b22\" class=\"td_text_highlight_marker\">Un Millenial en Twitch<\/span><\/strong><br>Enmanuel no solo se dedicar\u00e1 a crear contenidos en formato corto y con casos puntuales, tambi\u00e9n se lanza a la aventura de crear el primer canal en Twitch contra el Odio a todo nivel en donde a trav\u00e9s del formato \u00abJust Chatting\u00bb, solo o acompa\u00f1ado de celebridades, expertos o simplemente amigos, buscar\u00e1 entretener mientras por momentos tambi\u00e9n traer\u00e1 sobre la mesa este tipo de temas.<br><br>\u00abEs un reto ser un Millenial habl\u00e1ndole a la Generaci\u00f3n Z, Twitch est\u00e1 en crecimiento y cada vez m\u00e1s personas lo usan para consumir contenidos, es una ventana genial para generar cambios. No pretendo convertirme en un pastor y predicar contra el odio 24 horas sobre siete d\u00edas, lo prohibido termina siendo mas tentador, pero podemos tener conversaciones reales con gente real y en medio del humor, de un rato ameno, siempre habr\u00e1 espacios para expandir la conciencia, de eso se trata, de encontrar el balance\u00bb, puntualiza.<\/p>\n\n\n\n<p><strong><span style=\"background-color:#9a1b22\" class=\"td_text_highlight_marker\">No Se Habla de Odio<\/span><\/strong><br>En medio del anuncio oficial de lanzamiento y como regalo al d\u00eda de \u00abSan Valent\u00edn\u00bb, este 14 de Febrero Enmanuel ha unido esfuerzos con talentos latinos para celebrar de una forma distinta el amor, cantando \u00abNo se Habla de Odio\u00bb junto a la cantautora colombiana Daniela Mar\u00eda, la actriz y cantante infantil Emilia \u00c1vila y bajo la Direcci\u00f3n Musical del productor y seis veces nominado al Grammy Latino, Javier Soto.<\/p>\n\n\n\n<figure class=\"wp-block-image size-large\"><img decoding=\"async\" src=\"https:\/\/mcusercontent.com\/d3a54b26da5653e2fb8c90fa2\/images\/fa61609e-b106-7aa0-563e-170424aaec27.jpg\" alt=\"\"\/><\/figure>\n\n\n\n<p><strong><span style=\"background-color:#9a1b22\" class=\"td_text_highlight_marker\">#LasClaves<\/span><\/strong><\/p>\n\n\n\n<ul class=\"wp-block-list\"><li>\u00abNo se Habla de Odio\u00bb es una pieza inspirada y como tributo al tema \u00abNo se Habla de Bruno\u00bb perteneciente a la pel\u00edcula \u00abEncanto\u00bb de Disney.<\/li><li>El concepto del video y la letra del tema fueron desarrollados por Enmanuel Villalobos y adaptados en su totalidad a temas contra el odio y para concienciar sobre la necesidad de acabar con el estigma hacia la salud mental.<\/li><li>Los once personajes del video fueron caracterizados por los mismos tres interpretes del tema.<\/li><li>Como dato de inter\u00e9s la cantautora colombiana Daniela Mar\u00eda y la actriz y cantante infantil Emilia \u00c1vila son madre e hija en la vida real.<\/li><li>Javier Soto, quien dirigi\u00f3 musicalmente el tema, tiene m\u00e1s de 15 a\u00f1os de experiencia en el mercado y ha estado nominado seis veces a los premios Grammy Latino.<\/li><\/ul>\n\n\n\n<p>Puedes seguir sus publicaciones en Instagram como <a href=\"https:\/\/www.instagram.com\/evillalobostv\/\">@EvillalobosTV<\/a> y la cuenta alterna del proyecto <a href=\"https:\/\/www.instagram.com\/tv\/CZ9PSN7FL5a\/?utm_medium=copy_link\">@NosFuimosABarras<\/a><\/p>\n","protected":false},"excerpt":{"rendered":"<p>El periodista incursiona en Twitch con el primer canal contra el Odio buscando combatir la intolerancia de un mundo donde parece estar normalizada<\/p>\n","protected":false},"author":2,"featured_media":14543,"comment_status":"open","ping_status":"open","sticky":false,"template":"","format":"standard","meta":{"jnews-multi-image_gallery":[],"jnews_single_post":[],"jnews_primary_category":[],"jnews_social_meta":[],"jnews_review":[],"enable_review":"","type":"","name":"","summary":"","brand":"","sku":"","good":[],"bad":[],"score_override":"","override_value":"","rating":[],"price":[],"jnews_override_counter":[],"jnews_post_split":[],"footnotes":""},"categories":[1165],"tags":[1561,847,1562,45,782],"class_list":["post-14542","post","type-post","status-publish","format-standard","has-post-thumbnail","hentry","category-tecnologia","tag-contra-el-odio","tag-lgqtbi","tag-nos-fuimos-a-barras","tag-noticias","tag-venezolanos-en-miami"],"amp_enabled":true,"_links":{"self":[{"href":"https:\/\/esreviral.com\/index.php?rest_route=\/wp\/v2\/posts\/14542"}],"collection":[{"href":"https:\/\/esreviral.com\/index.php?rest_route=\/wp\/v2\/posts"}],"about":[{"href":"https:\/\/esreviral.com\/index.php?rest_route=\/wp\/v2\/types\/post"}],"author":[{"embeddable":true,"href":"https:\/\/esreviral.com\/index.php?rest_route=\/wp\/v2\/users\/2"}],"replies":[{"embeddable":true,"href":"https:\/\/esreviral.com\/index.php?rest_route=%2Fwp%2Fv2%2Fcomments&post=14542"}],"version-history":[{"count":0,"href":"https:\/\/esreviral.com\/index.php?rest_route=\/wp\/v2\/posts\/14542\/revisions"}],"wp:featuredmedia":[{"embeddable":true,"href":"https:\/\/esreviral.com\/index.php?rest_route=\/"}],"wp:attachment":[{"href":"https:\/\/esreviral.com\/index.php?rest_route=%2Fwp%2Fv2%2Fmedia&parent=14542"}],"wp:term":[{"taxonomy":"category","embeddable":true,"href":"https:\/\/esreviral.com\/index.php?rest_route=%2Fwp%2Fv2%2Fcategories&post=14542"},{"taxonomy":"post_tag","embeddable":true,"href":"https:\/\/esreviral.com\/index.php?rest_route=%2Fwp%2Fv2%2Ftags&post=14542"}],"curies":[{"name":"wp","href":"https:\/\/api.w.org\/{rel}","templated":true}]}}