{"id":14533,"date":"2022-02-15T11:26:01","date_gmt":"2022-02-15T14:26:01","guid":{"rendered":"https:\/\/esreviral.com\/?p=14533"},"modified":"2022-02-15T11:26:01","modified_gmt":"2022-02-15T14:26:01","slug":"hasta-70-de-aumento-en-los-uniformes-escolares-en-comparacion-al-ano-pasado","status":"publish","type":"post","link":"https:\/\/esreviral.com\/?p=14533","title":{"rendered":"Hasta 70 % de aumento en los uniformes escolares en comparaci\u00f3n al a\u00f1o pasado"},"content":{"rendered":"\n<p>El 21 de febrero arrancan las clases en el nivel primario, al menos en la Ciudad de Buenos Aires, y en los d\u00edas siguientes continuar\u00e1n integr\u00e1ndose los dem\u00e1s estudiantes pero para los padres ser\u00e1 un dolor de cabeza porque tendr\u00e1n que desembolsillar gran cantidad de dinero para la adquisici\u00f3n de los insumos escolares. <\/p>\n\n\n\n<p>En paralelo con el \u00edndice general de precios que mide el<strong><em>\u00a0Indec<\/em><\/strong>\u00a0con un\u00a0<strong>50,2% de suba durante el 2021<\/strong>, los valores de la indumentaria en general y de la ropa escolar en particular marcaron importantes subas. Seg\u00fan un informe privado de a consultora\u00a0<strong><em>Focus Market<\/em><\/strong>, la\u00a0<strong><em>\u201ccanasta escolar\u201d<\/em><\/strong>\u00a0que incluye\u00a0<strong>la ropa se increment\u00f3 un 70% en relaci\u00f3n al a\u00f1o pasado<\/strong>.<\/p>\n\n\n\n<p>Tomando como base productos de la l\u00ednea econ\u00f3mica y media en cuanto al nivel de precios, los mayores aumentos del combo escolar se vieron reflejados en indumentaria, calzado y mochila escolar, con subas del 70%\u201d, sostuvo al respecto\u00a0Dami\u00e1n Di Pace, director de la firma.<\/p>\n\n\n\n<p>A su vez, la medici\u00f3n de&nbsp;<strong><em>Consumidores Libres<\/em><\/strong>, conducida por&nbsp;<strong>H\u00e9ctor Polino<\/strong>, arroj\u00f3 un incremento del<strong>&nbsp;54% para la indumentaria<\/strong>, con respecto al 2021.<\/p>\n\n\n\n<p><strong><span style=\"background-color:#9a1b22\" class=\"td_text_highlight_marker\">C\u00f3mo ahorrar<\/span><\/strong><\/p>\n\n\n\n<p>El listado de indumentaria escolar en Precios Cuidados incluye ropa de los cl\u00e1sicos colores que exigen los establecimientos educativos a valores que pueden ser un 50% m\u00e1s baratos que en un comercio del rubro.\u00a0<strong>Pueden convertirse en el\u00a0<em>\u201cuniforme oficial\u201d<\/em>\u00a0con s\u00f3lo coserle a m\u00e1quina el escudo correspondiente<\/strong>.<\/p>\n\n\n\n<figure class=\"wp-block-image size-large\"><img decoding=\"async\" src=\"https:\/\/www.cronica.com.ar\/export\/sites\/cronica\/img\/2022\/02\/14\/vuelta_a_clases.png_961440233.png\" alt=\"\"\/><\/figure>\n\n\n\n<p>El programa Precios Cuidados incluye, como cada a\u00f1o, una canasta escolar acordada con diferentes comercios y supermercados.\u00a0<strong>Son 214 productos cuyo listado estar\u00e1 disponible hasta el 31 de marzo y figura en la p\u00e1gina oficial del programa<\/strong>.<\/p>\n\n\n\n<p>Hay opciones de prendas textiles escolares en los cl\u00e1sicos colores que sugieren las escuelas p\u00fablicas o que reglamentan las privadas. En muchos hogares con ni\u00f1os y ni\u00f1as que concurren a colegios privados esta opci\u00f3n se vuelve \u00fatil al agregar en la prenda el escudo del colegio en cuesti\u00f3n. Se puede mandar a coser a m\u00e1quina y queda listo para todo el a\u00f1o.<\/p>\n\n\n\n<figure class=\"wp-block-image\"><img decoding=\"async\" src=\"https:\/\/www.cronica.com.ar\/export\/sites\/cronica\/img\/2022\/02\/14\/vuelta_a_clases_4.jpg_253618101.jpg\" alt=\"\" title=\"\"\/><figcaption>Hasta el momento, se habla de una&nbsp;<strong><em>\u00abpresencialidad plena\u00bb<\/em><\/strong>.&nbsp;<\/figcaption><\/figure>\n\n\n\n<p><strong>Buzo azul del talle 6 al 14 vale $1.299<\/strong>&nbsp;(en Cooperativa Obrera). A su vez,&nbsp;<strong>un buzo azul o gris sin pu\u00f1o se fij\u00f3 a $1.299<\/strong>&nbsp;(en supermercados).&nbsp;<strong>El pantal\u00f3n de frisa de varios colores para ni\u00f1os se consigue a $1.299<\/strong>&nbsp;(en supermercados).<\/p>\n\n\n\n<p>Tambi\u00e9n se oferta la versi\u00f3n del pantal\u00f3n de frisa sin pu\u00f1os a ese mismo valor. Siguiendo en ese rango de precios, en el listado figura el pantal\u00f3n slim.\u00a0<strong>Las zapatillas negras escolares<br>que llegan al talle 40 se pact\u00f3 con un supermercado a $1.495<\/strong>. De guardapolvos blancos hay<br>varias opciones.\u00a0<strong>Recto o de tablas parten de $899 a $1.399 en Cooperativa Obrera<\/strong>. Al mismo tiempo,\u00a0<strong>los supermercados acordaron un precio de $1.499 en todas su versiones<\/strong>.<\/p>\n\n\n\n<p><strong>Con requisitos<\/strong><\/p>\n\n\n\n<p>Por su parte,&nbsp;<strong>un relevamiento del portal&nbsp;<em>Iprofesional&nbsp;<\/em>concluy\u00f3 en que hay que gastar unos $23.800 para comprar un uniforme de colegio (incluyendo, tambi\u00e9n, zapatos y ropa para hacer educaci\u00f3n f\u00edsica)&nbsp;<\/strong>que suele tener requisitos espec\u00edficos de color y escudo cosido a la tela. La indumentaria exigida en un colegio privado var\u00eda, en general, al ritmo del monto de su cuota. Una empresa que se dedica a la confecci\u00f3n de uniformes para distintas escuelas de la ciudad y el conurbano bonaerense inform\u00f3 los siguientes precios promedio para los cl\u00e1sicos<br>obligatorios.<\/p>\n\n\n\n<p>El relevamiento detalla precios de art\u00edculos elementales que ya vienen confeccionados<br>con el escudo correspondiente, en caso de ser exigido por el colegio.\u00a0<strong>Algunos valores promedio: pul\u00f3ver: $2.620; chomba manga corta \u201cb\u00e1sica\u201d: $1.880; remera blanca \u201cb\u00e1sica\u201d: $1.700; camisa blanca manga larga: $1.955; pantal\u00f3n gris sarga: $3.700; pollera gris sarga: $2.160; buzo de frisa: $2.990; pantal\u00f3n de frisa: $2.979, y zapatos colegiales: $6.000<\/strong>.<\/p>\n\n\n\n<p class=\"has-text-align-right\">Cr\u00f3n<strong><em>ica.-<\/em><\/strong><\/p>\n","protected":false},"excerpt":{"rendered":"<p>El 21 de febrero arrancan las clases en el nivel primario, al menos en la Ciudad de Buenos Aires, y en los d\u00edas siguientes continuar\u00e1n integr\u00e1ndose los dem\u00e1s estudiantes pero para los padres ser\u00e1 un dolor de cabeza porque tendr\u00e1n que desembolsillar gran cantidad de dinero para la adquisici\u00f3n de los insumos escolares. En paralelo [&hellip;]<\/p>\n","protected":false},"author":2,"featured_media":14534,"comment_status":"open","ping_status":"open","sticky":false,"template":"","format":"standard","meta":{"jnews-multi-image_gallery":[],"jnews_single_post":[],"jnews_primary_category":[],"jnews_social_meta":[],"jnews_review":[],"enable_review":"","type":"","name":"","summary":"","brand":"","sku":"","good":[],"bad":[],"score_override":"","override_value":"","rating":[],"price":[],"jnews_override_counter":[],"jnews_post_split":[],"footnotes":""},"categories":[58,61],"tags":[44,336,268,45,81],"class_list":["post-14533","post","type-post","status-publish","format-standard","has-post-thumbnail","hentry","category-argentina","category-economia","tag-argentina","tag-aumento","tag-inflacion","tag-noticias","tag-regreso-a-clases"],"amp_enabled":true,"_links":{"self":[{"href":"https:\/\/esreviral.com\/index.php?rest_route=\/wp\/v2\/posts\/14533"}],"collection":[{"href":"https:\/\/esreviral.com\/index.php?rest_route=\/wp\/v2\/posts"}],"about":[{"href":"https:\/\/esreviral.com\/index.php?rest_route=\/wp\/v2\/types\/post"}],"author":[{"embeddable":true,"href":"https:\/\/esreviral.com\/index.php?rest_route=\/wp\/v2\/users\/2"}],"replies":[{"embeddable":true,"href":"https:\/\/esreviral.com\/index.php?rest_route=%2Fwp%2Fv2%2Fcomments&post=14533"}],"version-history":[{"count":0,"href":"https:\/\/esreviral.com\/index.php?rest_route=\/wp\/v2\/posts\/14533\/revisions"}],"wp:featuredmedia":[{"embeddable":true,"href":"https:\/\/esreviral.com\/index.php?rest_route=\/"}],"wp:attachment":[{"href":"https:\/\/esreviral.com\/index.php?rest_route=%2Fwp%2Fv2%2Fmedia&parent=14533"}],"wp:term":[{"taxonomy":"category","embeddable":true,"href":"https:\/\/esreviral.com\/index.php?rest_route=%2Fwp%2Fv2%2Fcategories&post=14533"},{"taxonomy":"post_tag","embeddable":true,"href":"https:\/\/esreviral.com\/index.php?rest_route=%2Fwp%2Fv2%2Ftags&post=14533"}],"curies":[{"name":"wp","href":"https:\/\/api.w.org\/{rel}","templated":true}]}}