{"id":1453,"date":"2020-11-09T18:18:09","date_gmt":"2020-11-09T18:18:09","guid":{"rendered":"http:\/\/esreviral.com\/?p=1453"},"modified":"2020-11-09T18:18:09","modified_gmt":"2020-11-09T18:18:09","slug":"analistas-preven-un-giro-de-biden-hacia-la-conciliacion-en-venezuela","status":"publish","type":"post","link":"https:\/\/esreviral.com\/?p=1453","title":{"rendered":"Analistas prev\u00e9n un giro de Biden hacia la \u201cconciliaci\u00f3n\u201d en Venezuela"},"content":{"rendered":"\n<p>La pol\u00edtica exterior de Joe Biden, presidente electo de Estados Unidos, incluyendo&nbsp;su aproximaci\u00f3n a la crisis venezolana, estar\u00e1 marcada por un tono de reconstrucci\u00f3n, menor belicosidad y mayor conciliaci\u00f3n que el de su predecesor, Donald Trump, auguran expertos.<\/p>\n\n\n\n<p>Biden, a falta de la confirmaci\u00f3n jur\u00eddica y legislativa de su triunfo tras los alegatos de fraude de parte de su rival republicano, asumir\u00e1 la presidencia de Estados Unidos en enero de 2021 con tareas pendientes en su agenda for\u00e1nea, entre las que resaltan sus nexos con la Uni\u00f3n Europea, el Medio Oriente, los gobiernos de China, Rusia, Ir\u00e1n, Corea del Norte y, por supuesto, Venezuela.<\/p>\n\n\n\n<p>El polit\u00f3logo y abogado Luis Salamanca no escribe sobre piedra que Venezuela ocupar\u00e1 un puesto privilegiado en la pol\u00edtica exterior de Biden.<\/p>\n\n\n\n<p>Estima que el presidente electo del Partido Dem\u00f3crata deber\u00e1 solventar previamente los efectos pol\u00edticos y las \u201clesiones\u201d que dej\u00f3 su predecesor tanto dentro como fuera de Estados Unidos.<\/p>\n\n\n\n<p>\u201cQuiz\u00e1 Biden, abrumado por tantos efectos que produjo Trump, se dedique a reconstruir la pol\u00edtica exterior con los principales aliados internacionales y le d\u00e9 a Venezuela menos presencia en su agenda\u201d, comenta.<\/p>\n\n\n\n<p>A su entender, asuntos como la recomposici\u00f3n de las relaciones con Europa, la reversi\u00f3n de las decisiones de Trump con respecto al cambio clim\u00e1tico y su tratamiento a reg\u00edmenes como el iran\u00ed -aliado del gobierno en disputa de Nicol\u00e1s Maduro- podr\u00edan dispersar la atenci\u00f3n de Biden en Venezuela.<\/p>\n\n\n\n<p>\u201cVenezuela no est\u00e1 muy clara en el radar. Debe ocupar un espacio (en la pol\u00edtica exterior), pero menor\u201d, matiza Salamanca.<\/p>\n\n\n\n<p>Valora que el acento de Biden en Venezuela ser\u00e1 distinto al de Trump, a pesar de que existe apoyo bipartidista a la causa democr\u00e1tica del pa\u00eds suramericano. Este respaldo trasciende, a su juicio, al gobierno interino de Juan Guaid\u00f3.<\/p>\n\n\n\n<p>\u201cCon Biden, regresa a la pol\u00edtica norteamericana el enfoque de la conciliaci\u00f3n, la negociaci\u00f3n, el consenso, en lugar del enfoque confrontador de Trump\u201d, dice.<\/p>\n\n\n\n<p class=\"has-text-align-right\"><strong><em>VOA.-<\/em><\/strong><\/p>\n","protected":false},"excerpt":{"rendered":"<p>\u201cQuiz\u00e1 Biden, abrumado por tantos efectos que produjo Trump, se dedique a reconstruir la pol\u00edtica exterior con los principales aliados internacionales y le d\u00e9 a Venezuela menos presencia en su agenda\u201d<\/p>\n","protected":false},"author":2,"featured_media":1454,"comment_status":"open","ping_status":"open","sticky":false,"template":"","format":"standard","meta":{"jnews-multi-image_gallery":[],"jnews_single_post":[],"jnews_primary_category":[],"jnews_social_meta":[],"jnews_review":[],"enable_review":"","type":"","name":"","summary":"","brand":"","sku":"","good":[],"bad":[],"score_override":"","override_value":"","rating":[],"price":[],"jnews_override_counter":[],"jnews_post_split":[],"footnotes":""},"categories":[43,88],"tags":[184,136,45,56],"class_list":["post-1453","post","type-post","status-publish","format-standard","has-post-thumbnail","hentry","category-actualidad","category-internacionales","tag-biden","tag-estados-unidos","tag-noticias","tag-venezuela"],"amp_enabled":true,"_links":{"self":[{"href":"https:\/\/esreviral.com\/index.php?rest_route=\/wp\/v2\/posts\/1453"}],"collection":[{"href":"https:\/\/esreviral.com\/index.php?rest_route=\/wp\/v2\/posts"}],"about":[{"href":"https:\/\/esreviral.com\/index.php?rest_route=\/wp\/v2\/types\/post"}],"author":[{"embeddable":true,"href":"https:\/\/esreviral.com\/index.php?rest_route=\/wp\/v2\/users\/2"}],"replies":[{"embeddable":true,"href":"https:\/\/esreviral.com\/index.php?rest_route=%2Fwp%2Fv2%2Fcomments&post=1453"}],"version-history":[{"count":0,"href":"https:\/\/esreviral.com\/index.php?rest_route=\/wp\/v2\/posts\/1453\/revisions"}],"wp:featuredmedia":[{"embeddable":true,"href":"https:\/\/esreviral.com\/index.php?rest_route=\/"}],"wp:attachment":[{"href":"https:\/\/esreviral.com\/index.php?rest_route=%2Fwp%2Fv2%2Fmedia&parent=1453"}],"wp:term":[{"taxonomy":"category","embeddable":true,"href":"https:\/\/esreviral.com\/index.php?rest_route=%2Fwp%2Fv2%2Fcategories&post=1453"},{"taxonomy":"post_tag","embeddable":true,"href":"https:\/\/esreviral.com\/index.php?rest_route=%2Fwp%2Fv2%2Ftags&post=1453"}],"curies":[{"name":"wp","href":"https:\/\/api.w.org\/{rel}","templated":true}]}}