{"id":14471,"date":"2022-02-13T13:24:35","date_gmt":"2022-02-13T16:24:35","guid":{"rendered":"https:\/\/esreviral.com\/?p=14471"},"modified":"2022-02-13T13:24:35","modified_gmt":"2022-02-13T16:24:35","slug":"se-canso-guaido-propuso-un-nuevo-liderazgo-opositor","status":"publish","type":"post","link":"https:\/\/esreviral.com\/?p=14471","title":{"rendered":"\u00bfSe cans\u00f3? Guaid\u00f3 propuso un nuevo liderazgo opositor"},"content":{"rendered":"\n<p>Para conmemorar el D\u00eda de la Juventud en Venezuela, el l\u00edder opositor, Juan Guaid\u00f3 hizo una convocatoria, en la que pidi\u00f3 se renovara la cabeza del frente que le hace contra al r\u00e9gimen de Nicol\u00e1s Maduro. <\/p>\n\n\n\n<p>Seg\u00fan \u00e9l. \u00abla dictadura\u00bb que considera que ejerce Nicol\u00e1s Maduro \u00abtiene fecha de vencimiento, incluso en su perversa l\u00f3gica\u00bb, un discurso similar al de hace tres a\u00f1os, con el que sembr\u00f3 esperanza en los venezolanos. <\/p>\n\n\n\n<p>\u00abTienen fecha de vencimiento y, por ende, Venezuela (tiene fecha) de renacimiento. Venezuela va a renacer como rep\u00fablica, como naci\u00f3n. Para materializar esa elecci\u00f3n libre y justa, no llegar\u00e1 gratis. No ser\u00e1 un regalo de la dictadura, no ser\u00e1 una d\u00e1diva de quienes han secuestrado el poder\u00bb, coment\u00f3.<\/p>\n\n\n\n<p>Por todo ello, coment\u00f3 que hoy se reencontraron en las calles \u00abpara seguir adelante\u00bb y reorganizarse porque, a su juicio, el Gobierno de Maduro tiene miedo \u00aba la mayor\u00eda poderosa\u00bb que se le opone.<\/p>\n\n\n\n<p>Tambi\u00e9n prometi\u00f3 recorrer \u00abcada rinc\u00f3n\u00bb del pa\u00eds para tratar de activar a quienes se oponen al Gobierno de Nicol\u00e1s Maduro y, de ese modo, volver a movilizar al antichavismo.<\/p>\n\n\n\n<p class=\"has-text-align-right\"><strong><em>Con informaci\u00f3n de El Nacional.-<\/em><\/strong><\/p>\n","protected":false},"excerpt":{"rendered":"<p>Para conmemorar el D\u00eda de la Juventud en Venezuela, el l\u00edder opositor, Juan Guaid\u00f3 hizo una convocatoria, en la que pidi\u00f3 se renovara la cabeza del frente que le hace contra al r\u00e9gimen de Nicol\u00e1s Maduro. Seg\u00fan \u00e9l. \u00abla dictadura\u00bb que considera que ejerce Nicol\u00e1s Maduro \u00abtiene fecha de vencimiento, incluso en su perversa l\u00f3gica\u00bb, [&hellip;]<\/p>\n","protected":false},"author":2,"featured_media":14472,"comment_status":"open","ping_status":"open","sticky":false,"template":"","format":"standard","meta":{"jnews-multi-image_gallery":[],"jnews_single_post":[],"jnews_primary_category":[],"jnews_social_meta":[],"jnews_review":[],"enable_review":"","type":"","name":"","summary":"","brand":"","sku":"","good":[],"bad":[],"score_override":"","override_value":"","rating":[],"price":[],"jnews_override_counter":[],"jnews_post_split":[],"footnotes":""},"categories":[59,66],"tags":[1489,82,45],"class_list":["post-14471","post","type-post","status-publish","format-standard","has-post-thumbnail","hentry","category-politica","category-venezuela","tag-guaido-2","tag-maduro","tag-noticias"],"amp_enabled":true,"_links":{"self":[{"href":"https:\/\/esreviral.com\/index.php?rest_route=\/wp\/v2\/posts\/14471"}],"collection":[{"href":"https:\/\/esreviral.com\/index.php?rest_route=\/wp\/v2\/posts"}],"about":[{"href":"https:\/\/esreviral.com\/index.php?rest_route=\/wp\/v2\/types\/post"}],"author":[{"embeddable":true,"href":"https:\/\/esreviral.com\/index.php?rest_route=\/wp\/v2\/users\/2"}],"replies":[{"embeddable":true,"href":"https:\/\/esreviral.com\/index.php?rest_route=%2Fwp%2Fv2%2Fcomments&post=14471"}],"version-history":[{"count":0,"href":"https:\/\/esreviral.com\/index.php?rest_route=\/wp\/v2\/posts\/14471\/revisions"}],"wp:featuredmedia":[{"embeddable":true,"href":"https:\/\/esreviral.com\/index.php?rest_route=\/"}],"wp:attachment":[{"href":"https:\/\/esreviral.com\/index.php?rest_route=%2Fwp%2Fv2%2Fmedia&parent=14471"}],"wp:term":[{"taxonomy":"category","embeddable":true,"href":"https:\/\/esreviral.com\/index.php?rest_route=%2Fwp%2Fv2%2Fcategories&post=14471"},{"taxonomy":"post_tag","embeddable":true,"href":"https:\/\/esreviral.com\/index.php?rest_route=%2Fwp%2Fv2%2Ftags&post=14471"}],"curies":[{"name":"wp","href":"https:\/\/api.w.org\/{rel}","templated":true}]}}