{"id":14460,"date":"2022-02-12T12:28:18","date_gmt":"2022-02-12T15:28:18","guid":{"rendered":"https:\/\/esreviral.com\/?p=14460"},"modified":"2022-02-12T12:28:18","modified_gmt":"2022-02-12T15:28:18","slug":"mira-el-video-de-la-persecucion-por-la-general-paz-a-un-delincuente-hasta-capturarlo","status":"publish","type":"post","link":"https:\/\/esreviral.com\/?p=14460","title":{"rendered":"Mira el video de la persecuci\u00f3n por la General Paz a un delincuente hasta capturarlo"},"content":{"rendered":"\n<p>La Polic\u00eda de la Ciudad colabor\u00f3 en las \u00faltimas horas en la detenci\u00f3n de un delincuente de 23 a\u00f1os en el Barrio 20 de Villa Lugano luego de una persecuci\u00f3n por la avenida General Paz y un robo automotor en la Provincia de Buenos Aires.<\/p>\n\n\n\n<p><br>Personal del Despliegue de Intervenciones R\u00e1pidas (DIR) de la Polic\u00eda de la Ciudad realizaba un recorrido territorial sobre la jurisdicci\u00f3n de la Comisar\u00eda Vecinal 8 A cuando recibi\u00f3 por frecuencia la alerta sobre un autom\u00f3vil Volkswagen UP de color azul que hab\u00eda ingresado a la Ciudad desde el Conurbano Bonaerense y estaba siendo perseguido por efectivos de Provincia de Buenos Aires tras cometer un il\u00edcito.<\/p>\n\n\n\n<figure class=\"wp-block-image size-full\"><img decoding=\"async\" src=\"https:\/\/esreviral.com\/wp-content\/uploads\/2022\/02\/WhatsApp-Image-2022-02-12-at-09.32.13.jpeg\" alt=\"\" class=\"wp-image-14462\"\/><figcaption>Sujeto de 23 a\u00f1os de edad, detenido<\/figcaption><\/figure>\n\n\n\n<p><br>Fue as\u00ed como los oficiales visualizaron al rodado ingresar al Barrio 20 de Villa Lugano y all\u00ed uno de los delincuentes fue capturado cuando intentaba escapar por uno de los pasillos.<\/p>\n\n\n\n<p><br>Seg\u00fan comentaron los representantes de la fuerza bonaerense, el Volkswagen UP, que ten\u00eda su chapa patente cambiada y su numeraci\u00f3n en los cristales coincid\u00eda con un veh\u00edculo con un pedido de secuestro vigente por robo a mano armada con fecha del pasado 5 de febrero, hab\u00eda servido de apoyo para el robo de una camioneta EcoSport de color blanco.<\/p>\n\n\n\n<p><br>Intervino la UFI N\u00famero 2 de La Matanza, a cargo de la doctora Claudia Arribas, y se hizo consulta con la Fiscal\u00eda en lo Criminal y Correccional N\u00famero 23, a cargo del doctor Marcelo Retes y ante la Secretar\u00eda \u00danica de la doctora Valeria Hardy, que dispuso la detenci\u00f3n del delincuente y el secuestro del veh\u00edculo.<\/p>\n\n\n\n<figure class=\"wp-block-embed is-type-video is-provider-youtube wp-block-embed-youtube wp-embed-aspect-16-9 wp-has-aspect-ratio\"><div class=\"wp-block-embed__wrapper\">\nhttps:\/\/www.youtube.com\/watch?v=3JiqGJUOYK4\n<\/div><\/figure>\n","protected":false},"excerpt":{"rendered":"<p>La Polic\u00eda de la Ciudad colabor\u00f3 en las \u00faltimas horas en la detenci\u00f3n de un delincuente de 23 a\u00f1os en el Barrio 20 de Villa Lugano luego de una persecuci\u00f3n por la avenida General Paz y un robo automotor en la Provincia de Buenos Aires. Personal del Despliegue de Intervenciones R\u00e1pidas (DIR) de la Polic\u00eda [&hellip;]<\/p>\n","protected":false},"author":2,"featured_media":14461,"comment_status":"open","ping_status":"open","sticky":false,"template":"","format":"standard","meta":{"jnews-multi-image_gallery":[],"jnews_single_post":[],"jnews_primary_category":[],"jnews_social_meta":[],"jnews_review":[],"enable_review":"","type":"","name":"","summary":"","brand":"","sku":"","good":[],"bad":[],"score_override":"","override_value":"","rating":[],"price":[],"jnews_override_counter":[],"jnews_post_split":[],"footnotes":""},"categories":[64],"tags":[44,45,544],"class_list":["post-14460","post","type-post","status-publish","format-standard","has-post-thumbnail","hentry","category-sucesos","tag-argentina","tag-noticias","tag-persecucion"],"_links":{"self":[{"href":"https:\/\/esreviral.com\/index.php?rest_route=\/wp\/v2\/posts\/14460","targetHints":{"allow":["GET"]}}],"collection":[{"href":"https:\/\/esreviral.com\/index.php?rest_route=\/wp\/v2\/posts"}],"about":[{"href":"https:\/\/esreviral.com\/index.php?rest_route=\/wp\/v2\/types\/post"}],"author":[{"embeddable":true,"href":"https:\/\/esreviral.com\/index.php?rest_route=\/wp\/v2\/users\/2"}],"replies":[{"embeddable":true,"href":"https:\/\/esreviral.com\/index.php?rest_route=%2Fwp%2Fv2%2Fcomments&post=14460"}],"version-history":[{"count":0,"href":"https:\/\/esreviral.com\/index.php?rest_route=\/wp\/v2\/posts\/14460\/revisions"}],"wp:featuredmedia":[{"embeddable":true,"href":"https:\/\/esreviral.com\/index.php?rest_route=\/"}],"wp:attachment":[{"href":"https:\/\/esreviral.com\/index.php?rest_route=%2Fwp%2Fv2%2Fmedia&parent=14460"}],"wp:term":[{"taxonomy":"category","embeddable":true,"href":"https:\/\/esreviral.com\/index.php?rest_route=%2Fwp%2Fv2%2Fcategories&post=14460"},{"taxonomy":"post_tag","embeddable":true,"href":"https:\/\/esreviral.com\/index.php?rest_route=%2Fwp%2Fv2%2Ftags&post=14460"}],"curies":[{"name":"wp","href":"https:\/\/api.w.org\/{rel}","templated":true}]}}