{"id":1444,"date":"2020-11-09T15:57:30","date_gmt":"2020-11-09T15:57:30","guid":{"rendered":"http:\/\/esreviral.com\/?p=1444"},"modified":"2020-11-09T15:57:30","modified_gmt":"2020-11-09T15:57:30","slug":"alberto-fernandez-despidio-en-la-frontera-a-evo-morales","status":"publish","type":"post","link":"https:\/\/esreviral.com\/?p=1444","title":{"rendered":"Alberto Fern\u00e1ndez despidi\u00f3 en la frontera a Evo Morales"},"content":{"rendered":"\n<p>El presidente Alberto Fern\u00e1ndez  despidi\u00f3 a Evo Morales, en un emotivo acto que se registr\u00f3 en La Quiaca, Jujuy, paso fronterizo con la ciudad de Villaz\u00f3n, lo que marc\u00f3 el regreso del ex mandatario boliviano a su pa\u00eds tras casi un a\u00f1o en el exterior, primero en M\u00e9xico y luego en la Argentina, luego de la victoria electoral del MAS que llev\u00f3 a Luis Arce al poder.<\/p>\n\n\n\n<p>\u00abAlberto Fern\u00e1ndez me salv\u00f3 la vida, muchas gracias\u00bb, expreso Morales, en el lugar donde hab\u00edan banderas y globos con colores de Argentina y Bolivia. \u201cLo m\u00e1s importante es que regrese a su patria de la que nunca debi\u00f3 haber salido\u00bb, respondi\u00f3 el mandatario argentino. <\/p>\n\n\n\n<figure class=\"wp-block-image size-large\"><img decoding=\"async\" src=\"http:\/\/esreviral.com\/wp-content\/uploads\/2020\/11\/evo2-1-817x1024.jpeg\" alt=\"\" class=\"wp-image-1446\"\/><\/figure>\n\n\n\n<p>En un claro mensaje de unidad entre ambos pa\u00edses que, con el retorno del MAS de Morales y Arce al poder, implicar\u00e1 un relanzamiento de las relaciones diplom\u00e1ticas que hab\u00edan quedado interrumpidas con el proceso encabezado por\u00a0Jeanine A\u00f1ez.<\/p>\n\n\n\n<p>En la puerta del puente que une La Quiaca con Villaz\u00f3n, el jefe de Estado se\u00f1al\u00f3 que para lograr el objetivo de tener \u201cuna patria para todos hay un instrumento, que se llama democracia\u201d, y record\u00f3 el momento cuando conoci\u00f3 a Morales. \u201cHizo un gran trabajo donde las estructuras sociales y econ\u00f3micas cambiaron en Bolivia. Lo hizo tan bien que algunos se molestaron, pero el pueblo sabe que del otro lado de este puente hay miles que lo esperan ya que el pueblo no se equivoca\u201d, remarc\u00f3 Alberto Fern\u00e1ndez.<\/p>\n\n\n\n<p class=\"has-text-align-right\"><strong><em>Con informaci\u00f3n de Infobae.-<\/em><\/strong><\/p>\n","protected":false},"excerpt":{"rendered":"<p>El expresidente boliviano volvi\u00f3 a su tierra tras un largo periodo en Buenos Aires, cuando lleg\u00f3 luego de las protestas por las elecciones del a\u00f1o pasado<\/p>\n","protected":false},"author":2,"featured_media":1447,"comment_status":"open","ping_status":"open","sticky":false,"template":"","format":"standard","meta":{"jnews-multi-image_gallery":[],"jnews_single_post":[],"jnews_primary_category":[],"jnews_social_meta":[],"jnews_review":[],"enable_review":"","type":"","name":"","summary":"","brand":"","sku":"","good":[],"bad":[],"score_override":"","override_value":"","rating":[],"price":[],"jnews_override_counter":[],"jnews_post_split":[],"footnotes":""},"categories":[88,59],"tags":[86,44,109,222,45],"class_list":["post-1444","post","type-post","status-publish","format-standard","has-post-thumbnail","hentry","category-internacionales","category-politica","tag-alberto-fernandez","tag-argentina","tag-bolivia","tag-evo-morales","tag-noticias"],"amp_enabled":true,"_links":{"self":[{"href":"https:\/\/esreviral.com\/index.php?rest_route=\/wp\/v2\/posts\/1444"}],"collection":[{"href":"https:\/\/esreviral.com\/index.php?rest_route=\/wp\/v2\/posts"}],"about":[{"href":"https:\/\/esreviral.com\/index.php?rest_route=\/wp\/v2\/types\/post"}],"author":[{"embeddable":true,"href":"https:\/\/esreviral.com\/index.php?rest_route=\/wp\/v2\/users\/2"}],"replies":[{"embeddable":true,"href":"https:\/\/esreviral.com\/index.php?rest_route=%2Fwp%2Fv2%2Fcomments&post=1444"}],"version-history":[{"count":0,"href":"https:\/\/esreviral.com\/index.php?rest_route=\/wp\/v2\/posts\/1444\/revisions"}],"wp:featuredmedia":[{"embeddable":true,"href":"https:\/\/esreviral.com\/index.php?rest_route=\/"}],"wp:attachment":[{"href":"https:\/\/esreviral.com\/index.php?rest_route=%2Fwp%2Fv2%2Fmedia&parent=1444"}],"wp:term":[{"taxonomy":"category","embeddable":true,"href":"https:\/\/esreviral.com\/index.php?rest_route=%2Fwp%2Fv2%2Fcategories&post=1444"},{"taxonomy":"post_tag","embeddable":true,"href":"https:\/\/esreviral.com\/index.php?rest_route=%2Fwp%2Fv2%2Ftags&post=1444"}],"curies":[{"name":"wp","href":"https:\/\/api.w.org\/{rel}","templated":true}]}}