{"id":14337,"date":"2022-02-09T09:22:59","date_gmt":"2022-02-09T12:22:59","guid":{"rendered":"https:\/\/esreviral.com\/?p=14337"},"modified":"2022-02-09T09:22:59","modified_gmt":"2022-02-09T12:22:59","slug":"mas-de-500-mil-muertos-se-han-registrado-tras-la-aparicion-de-la-omicron","status":"publish","type":"post","link":"https:\/\/esreviral.com\/?p=14337","title":{"rendered":"M\u00e1s de 500 mil muertos se han registrado tras la aparici\u00f3n de la \u00f3micron"},"content":{"rendered":"\n<p>La&nbsp;<strong>Organizaci\u00f3n Mundial de la Salud<\/strong>&nbsp;(OMS) consider\u00f3 este martes \u00abm\u00e1s que&nbsp;<strong>tr\u00e1gico<\/strong>\u00bb el medio mill\u00f3n de muertos por coronavirus en el mundo tras la aparici\u00f3n de la variante \u00d3micron.<\/p>\n\n\n\n<p>\u00abCuando todo el mundo dec\u00eda que \u00d3micron era m\u00e1s benigno, nos olvidamos de que&nbsp;<strong>medio mill\u00f3n de personas murieron desde que la variante fue detectada<\/strong>\u00ab, declar\u00f3 el gestionario de incidentes en la OMS,&nbsp;<strong>Abdi Mahamud<\/strong>, seg\u00fan la agencia AFP.<\/p>\n\n\n\n<p>\u00abEn la era de las vacunas eficaces, medio mill\u00f3n de personas mueren y es verdaderamente algo (&#8230;) m\u00e1s que tr\u00e1gico\u00bb, agreg\u00f3 el funcionario de la OMS en un encuentro por redes sociales promovido por la organizaci\u00f3n.<\/p>\n\n\n\n<figure class=\"wp-block-embed is-type-rich is-provider-twitter wp-block-embed-twitter\"><div class=\"wp-block-embed__wrapper\">\n<blockquote class=\"twitter-tweet\" data-width=\"500\" data-dnt=\"true\"><p lang=\"en\" dir=\"ltr\">Live Q&amp;A on <a href=\"https:\/\/twitter.com\/hashtag\/COVID19?src=hash&amp;ref_src=twsrc%5Etfw\">#COVID19<\/a> and Omicron sub-variant BA.2 with Dr <a href=\"https:\/\/twitter.com\/mvankerkhove?ref_src=twsrc%5Etfw\">@mvankerkhove<\/a> and <a href=\"https:\/\/twitter.com\/DrAbdiMahamud?ref_src=twsrc%5Etfw\">@DrAbdiMahamud<\/a>. <a href=\"https:\/\/twitter.com\/hashtag\/AskWHO?src=hash&amp;ref_src=twsrc%5Etfw\">#AskWHO<\/a> <a href=\"https:\/\/t.co\/NVQMa8HHk7\">https:\/\/t.co\/NVQMa8HHk7<\/a><\/p>&mdash; World Health Organization (WHO) (@WHO) <a href=\"https:\/\/twitter.com\/WHO\/status\/1491081044044312576?ref_src=twsrc%5Etfw\">February 8, 2022<\/a><\/blockquote><script async src=\"https:\/\/platform.twitter.com\/widgets.js\" charset=\"utf-8\"><\/script>\n<\/div><\/figure>\n\n\n\n<p>S<strong>eg\u00fan Mahamud, se registraron 130 millones de casos y 500.000 muertos en el mundo desde que \u00d3micron fue considerada como \u00abpreocupante\u00bb por la OMS, <\/strong>a fines de noviembre pasado.<\/p>\n\n\n\n<p>\u00abEn la era de las vacunas eficaces, medio mill\u00f3n de personas que mueren, es realmente imposible\u00bb, asever\u00f3 Mahamud en los canales de las redes sociales de la OMS, seg\u00fan la agencia ANSA.<\/p>\n\n\n\n<p>Por su parte,<strong>&nbsp;Maria Van Kerkhove<\/strong>, responsable t\u00e9cnica de la OMS para el coronavirus, puntualiz\u00f3 que el n\u00famero absoluto de los casos de \u00d3micron es \u00abimpresionante\u00bb.<\/p>\n\n\n\n<p>Esa variante r\u00e1pidamente super\u00f3 a Delta como dominante en el mundo, pues es m\u00e1s contagiosa pero parece provocar enfermedades menos graves.<\/p>\n\n\n\n<p>El coronavirus ha matado 5,75 millones de personas desde su aparici\u00f3n en China en diciembre de 2019, seg\u00fan recuento de la AFP de este martes , a partir de fuentes oficiales.<\/p>\n\n\n\n<p class=\"has-text-align-right\"><strong><em>Telam.-<\/em><\/strong><\/p>\n","protected":false},"excerpt":{"rendered":"<p>La&nbsp;Organizaci\u00f3n Mundial de la Salud&nbsp;(OMS) consider\u00f3 este martes \u00abm\u00e1s que&nbsp;tr\u00e1gico\u00bb el medio mill\u00f3n de muertos por coronavirus en el mundo tras la aparici\u00f3n de la variante \u00d3micron. \u00abCuando todo el mundo dec\u00eda que \u00d3micron era m\u00e1s benigno, nos olvidamos de que&nbsp;medio mill\u00f3n de personas murieron desde que la variante fue detectada\u00ab, declar\u00f3 el gestionario de [&hellip;]<\/p>\n","protected":false},"author":2,"featured_media":14338,"comment_status":"open","ping_status":"open","sticky":false,"template":"","format":"standard","meta":{"jnews-multi-image_gallery":[],"jnews_single_post":[],"jnews_primary_category":[],"jnews_social_meta":[],"jnews_review":[],"enable_review":"","type":"","name":"","summary":"","brand":"","sku":"","good":[],"bad":[],"score_override":"","override_value":"","rating":[],"price":[],"jnews_override_counter":[],"jnews_post_split":[],"footnotes":""},"categories":[76],"tags":[77,188,45,1329],"class_list":["post-14337","post","type-post","status-publish","format-standard","has-post-thumbnail","hentry","category-coronavirus","tag-coronavirus","tag-covid-19","tag-noticias","tag-omicron"],"amp_enabled":true,"_links":{"self":[{"href":"https:\/\/esreviral.com\/index.php?rest_route=\/wp\/v2\/posts\/14337"}],"collection":[{"href":"https:\/\/esreviral.com\/index.php?rest_route=\/wp\/v2\/posts"}],"about":[{"href":"https:\/\/esreviral.com\/index.php?rest_route=\/wp\/v2\/types\/post"}],"author":[{"embeddable":true,"href":"https:\/\/esreviral.com\/index.php?rest_route=\/wp\/v2\/users\/2"}],"replies":[{"embeddable":true,"href":"https:\/\/esreviral.com\/index.php?rest_route=%2Fwp%2Fv2%2Fcomments&post=14337"}],"version-history":[{"count":0,"href":"https:\/\/esreviral.com\/index.php?rest_route=\/wp\/v2\/posts\/14337\/revisions"}],"wp:featuredmedia":[{"embeddable":true,"href":"https:\/\/esreviral.com\/index.php?rest_route=\/"}],"wp:attachment":[{"href":"https:\/\/esreviral.com\/index.php?rest_route=%2Fwp%2Fv2%2Fmedia&parent=14337"}],"wp:term":[{"taxonomy":"category","embeddable":true,"href":"https:\/\/esreviral.com\/index.php?rest_route=%2Fwp%2Fv2%2Fcategories&post=14337"},{"taxonomy":"post_tag","embeddable":true,"href":"https:\/\/esreviral.com\/index.php?rest_route=%2Fwp%2Fv2%2Ftags&post=14337"}],"curies":[{"name":"wp","href":"https:\/\/api.w.org\/{rel}","templated":true}]}}