{"id":14264,"date":"2022-02-02T17:45:40","date_gmt":"2022-02-02T20:45:40","guid":{"rendered":"https:\/\/esreviral.com\/?p=14264"},"modified":"2022-02-02T17:45:40","modified_gmt":"2022-02-02T20:45:40","slug":"a-23-anos-de-la-toma-de-poder-de-hugo-chavez","status":"publish","type":"post","link":"https:\/\/esreviral.com\/?p=14264","title":{"rendered":"A 23 a\u00f1os de la toma de poder de Hugo Ch\u00e1vez"},"content":{"rendered":"\n<p>Aunque prometi\u00f3 que ser\u00eda hasta el 2021, la realidad es otra porque en pleno 2022, su legado se mantiene y el cuestionado Nicol\u00e1s maduro se mantiene frente al poder en Venezuela. <\/p>\n\n\n\n<p>23 a\u00f1os han pasado desde que Hugo Ch\u00e1vez tomo posesi\u00f3n del poder y jur\u00f3 \u00aben la moribunda Constituci\u00f3n\u00bb que har\u00eda cumplir las leyes aunque no todo fue color de rosas para el pa\u00eds y despu\u00e9s de dos d\u00e9cadas, m\u00e1s de seis millones de venezolanos se encuentran en el exilio, algo nunca antes visto en el continente. <\/p>\n\n\n\n<figure class=\"wp-block-embed is-type-rich is-provider-twitter wp-block-embed-twitter\"><div class=\"wp-block-embed__wrapper\">\n<blockquote class=\"twitter-tweet\" data-width=\"500\" data-dnt=\"true\"><p lang=\"es\" dir=\"ltr\">La Revoluci\u00f3n Bolivariana cumple 23 a\u00f1os de unidad, lucha, batalla y victoria. El inicio de una era de grandes transformaciones sociales y pol\u00edticas, el proyecto socialista liderado por el Comandante Ch\u00e1vez. <a href=\"https:\/\/t.co\/RccdAKt0Ml\">pic.twitter.com\/RccdAKt0Ml<\/a><\/p>&mdash; Nicol\u00e1s Maduro (@NicolasMaduro) <a href=\"https:\/\/twitter.com\/NicolasMaduro\/status\/1488883104081235975?ref_src=twsrc%5Etfw\">February 2, 2022<\/a><\/blockquote><script async src=\"https:\/\/platform.twitter.com\/widgets.js\" charset=\"utf-8\"><\/script>\n<\/div><\/figure>\n","protected":false},"excerpt":{"rendered":"<p>Aunque prometi\u00f3 que ser\u00eda hasta el 2021, la realidad es otra porque en pleno 2022, su legado se mantiene y el cuestionado Nicol\u00e1s maduro se mantiene frente al poder en Venezuela. 23 a\u00f1os han pasado desde que Hugo Ch\u00e1vez tomo posesi\u00f3n del poder y jur\u00f3 \u00aben la moribunda Constituci\u00f3n\u00bb que har\u00eda cumplir las leyes aunque [&hellip;]<\/p>\n","protected":false},"author":2,"featured_media":14265,"comment_status":"open","ping_status":"open","sticky":false,"template":"","format":"standard","meta":{"jnews-multi-image_gallery":[],"jnews_single_post":[],"jnews_primary_category":[],"jnews_social_meta":[],"jnews_review":[],"enable_review":"","type":"","name":"","summary":"","brand":"","sku":"","good":[],"bad":[],"score_override":"","override_value":"","rating":[],"price":[],"jnews_override_counter":[],"jnews_post_split":[],"footnotes":""},"categories":[59,66],"tags":[346],"class_list":["post-14264","post","type-post","status-publish","format-standard","has-post-thumbnail","hentry","category-politica","category-venezuela","tag-chavez"],"_links":{"self":[{"href":"https:\/\/esreviral.com\/index.php?rest_route=\/wp\/v2\/posts\/14264","targetHints":{"allow":["GET"]}}],"collection":[{"href":"https:\/\/esreviral.com\/index.php?rest_route=\/wp\/v2\/posts"}],"about":[{"href":"https:\/\/esreviral.com\/index.php?rest_route=\/wp\/v2\/types\/post"}],"author":[{"embeddable":true,"href":"https:\/\/esreviral.com\/index.php?rest_route=\/wp\/v2\/users\/2"}],"replies":[{"embeddable":true,"href":"https:\/\/esreviral.com\/index.php?rest_route=%2Fwp%2Fv2%2Fcomments&post=14264"}],"version-history":[{"count":0,"href":"https:\/\/esreviral.com\/index.php?rest_route=\/wp\/v2\/posts\/14264\/revisions"}],"wp:featuredmedia":[{"embeddable":true,"href":"https:\/\/esreviral.com\/index.php?rest_route=\/"}],"wp:attachment":[{"href":"https:\/\/esreviral.com\/index.php?rest_route=%2Fwp%2Fv2%2Fmedia&parent=14264"}],"wp:term":[{"taxonomy":"category","embeddable":true,"href":"https:\/\/esreviral.com\/index.php?rest_route=%2Fwp%2Fv2%2Fcategories&post=14264"},{"taxonomy":"post_tag","embeddable":true,"href":"https:\/\/esreviral.com\/index.php?rest_route=%2Fwp%2Fv2%2Ftags&post=14264"}],"curies":[{"name":"wp","href":"https:\/\/api.w.org\/{rel}","templated":true}]}}