{"id":14212,"date":"2022-02-01T11:29:57","date_gmt":"2022-02-01T14:29:57","guid":{"rendered":"https:\/\/esreviral.com\/?p=14212"},"modified":"2022-02-01T11:29:57","modified_gmt":"2022-02-01T14:29:57","slug":"insolito-preso-intento-huir-de-la-carcel-en-el-chasis-de-un-camion","status":"publish","type":"post","link":"https:\/\/esreviral.com\/?p=14212","title":{"rendered":"INS\u00d3LITO: Preso intent\u00f3 huir de la c\u00e1rcel en el chasis de un cami\u00f3n"},"content":{"rendered":"\n<p><strong>CIS.-<\/strong> Un hecho ins\u00f3lito fue registrado la tarde del lunes en Barquisimeto, estado Lara, al centroccidente de Venezuela, cuando un privado de libertad del Centro Penitenciario F\u00e9nix, intent\u00f3 fugarse y se escondi\u00f3 en el chasis de un cami\u00f3n pero fue descubierto por un funcionario de la Guardia Nacional. <\/p>\n\n\n\n<p>El sujeto fue identificado como <strong>Yonatan Eduardo Yanes C\u00f3rdoba, de 29 a\u00f1os de edad<\/strong>, inform\u00f3 el Observatorio de Prisiones Venezolanas.<\/p>\n\n\n\n<p>Adem\u00e1s se confirm\u00f3 que estaba detenido por robo agravado y que el cami\u00f3n en el que intent\u00f3 escapar era un cisterna que surte de agua potable el centro penitenciario. <\/p>\n\n\n\n<p>El conductor del cami\u00f3n, responder al nombre de  Alexander Antonio V\u00e1squez V\u00e9liz, de 36 a\u00f1os de edad y qued\u00f3 aprehendido como c\u00f3mplice de la fuga. <\/p>\n\n\n\n<figure class=\"wp-block-embed is-type-rich is-provider-twitter wp-block-embed-twitter\"><div class=\"wp-block-embed__wrapper\">\n<blockquote class=\"twitter-tweet\" data-width=\"500\" data-dnt=\"true\"><p lang=\"es\" dir=\"ltr\"><a href=\"https:\/\/twitter.com\/hashtag\/31Ene?src=hash&amp;ref_src=twsrc%5Etfw\">#31Ene<\/a> Un recluso identificado como Eduardo Yanes (29) intent\u00f3 escaparse en el chasis de un cami\u00f3n cisterna que sal\u00eda del Centro Penitenciario F\u00e9nix en el estado <a href=\"https:\/\/twitter.com\/hashtag\/Lara?src=hash&amp;ref_src=twsrc%5Etfw\">#Lara<\/a>. El conductor del cami\u00f3n, identificado como Alexander V\u00e1squez (36), result\u00f3 detenido por funcionarios de la GNB. <a href=\"https:\/\/t.co\/t1W6Pny73Q\">pic.twitter.com\/t1W6Pny73Q<\/a><\/p>&mdash; Observatorio Venezolano de Prisiones (@oveprisiones) <a href=\"https:\/\/twitter.com\/oveprisiones\/status\/1488279695158169601?ref_src=twsrc%5Etfw\">January 31, 2022<\/a><\/blockquote><script async src=\"https:\/\/platform.twitter.com\/widgets.js\" charset=\"utf-8\"><\/script>\n<\/div><\/figure>\n","protected":false},"excerpt":{"rendered":"<p>El sujeto cumple pena por robo agravado<\/p>\n","protected":false},"author":2,"featured_media":14215,"comment_status":"open","ping_status":"open","sticky":false,"template":"","format":"standard","meta":{"jnews-multi-image_gallery":[],"jnews_single_post":[],"jnews_primary_category":[],"jnews_social_meta":[],"jnews_review":[],"enable_review":"","type":"","name":"","summary":"","brand":"","sku":"","good":[],"bad":[],"score_override":"","override_value":"","rating":[],"price":[],"jnews_override_counter":[],"jnews_post_split":[],"footnotes":""},"categories":[64,66],"tags":[1524,1525,473,446],"class_list":["post-14212","post","type-post","status-publish","format-standard","has-post-thumbnail","hentry","category-sucesos","category-venezuela","tag-centro-penitenciario-fenix","tag-fuga","tag-lara","tag-preso"],"amp_enabled":true,"_links":{"self":[{"href":"https:\/\/esreviral.com\/index.php?rest_route=\/wp\/v2\/posts\/14212"}],"collection":[{"href":"https:\/\/esreviral.com\/index.php?rest_route=\/wp\/v2\/posts"}],"about":[{"href":"https:\/\/esreviral.com\/index.php?rest_route=\/wp\/v2\/types\/post"}],"author":[{"embeddable":true,"href":"https:\/\/esreviral.com\/index.php?rest_route=\/wp\/v2\/users\/2"}],"replies":[{"embeddable":true,"href":"https:\/\/esreviral.com\/index.php?rest_route=%2Fwp%2Fv2%2Fcomments&post=14212"}],"version-history":[{"count":0,"href":"https:\/\/esreviral.com\/index.php?rest_route=\/wp\/v2\/posts\/14212\/revisions"}],"wp:featuredmedia":[{"embeddable":true,"href":"https:\/\/esreviral.com\/index.php?rest_route=\/"}],"wp:attachment":[{"href":"https:\/\/esreviral.com\/index.php?rest_route=%2Fwp%2Fv2%2Fmedia&parent=14212"}],"wp:term":[{"taxonomy":"category","embeddable":true,"href":"https:\/\/esreviral.com\/index.php?rest_route=%2Fwp%2Fv2%2Fcategories&post=14212"},{"taxonomy":"post_tag","embeddable":true,"href":"https:\/\/esreviral.com\/index.php?rest_route=%2Fwp%2Fv2%2Ftags&post=14212"}],"curies":[{"name":"wp","href":"https:\/\/api.w.org\/{rel}","templated":true}]}}