{"id":14041,"date":"2022-01-26T10:24:50","date_gmt":"2022-01-26T13:24:50","guid":{"rendered":"https:\/\/esreviral.com\/?p=14041"},"modified":"2022-01-26T10:24:50","modified_gmt":"2022-01-26T13:24:50","slug":"el-papa-francisco-pidio-a-los-padres-que-no-condenen-a-sus-hijos-por-su-orientacion-sexual","status":"publish","type":"post","link":"https:\/\/esreviral.com\/?p=14041","title":{"rendered":"El papa Francisco pidi\u00f3 a los padres que no condenen a sus hijos por su orientaci\u00f3n sexual"},"content":{"rendered":"\n<p><strong>El papa Francisco pidi\u00f3 este mi\u00e9rcoles a los padres que acompa\u00f1en y no condenen a un hijo por su orientaci\u00f3n sexual<\/strong>, durante la audiencia general celebrada en el aula Pablo VI del Vaticano.<\/p>\n\n\n\n<p>\u201cPienso en los padres ante los problemas de sus hijos\u201d, reflexion\u00f3 el pont\u00edfice, que nombr\u00f3 a los \u201cque ven las orientaciones sexuales\u201d de sus disc\u00edpulos y pidi\u00f3\u00a0<strong>\u201cacompa\u00f1ar a los hijos y no esconderse en comportamientos de condena\u201d<\/strong>.<\/p>\n\n\n\n<p><strong>Francisco siempre ha condenado el rechazo en las familias a los hijos homosexuales<\/strong>\u00a0y a su regreso de un viaje a Irlanda, en agosto de 2018, cuando los periodistas le preguntaron en el avi\u00f3n qu\u00e9 les dir\u00eda a los padres de un hijo gay, Francisco respondi\u00f3:\u00a0<strong>\u201cIgnorar al hijo o la hija con tendencias homosexuales ser\u00eda una falta de maternidad y paternidad. Eres mi hijo o mi hija como eres\u201d<\/strong>.<\/p>\n","protected":false},"excerpt":{"rendered":"<p>El papa Francisco pidi\u00f3 este mi\u00e9rcoles a los padres que acompa\u00f1en y no condenen a un hijo por su orientaci\u00f3n sexual, durante la audiencia general celebrada en el aula Pablo VI del Vaticano. \u201cPienso en los padres ante los problemas de sus hijos\u201d, reflexion\u00f3 el pont\u00edfice, que nombr\u00f3 a los \u201cque ven las orientaciones sexuales\u201d [&hellip;]<\/p>\n","protected":false},"author":2,"featured_media":14043,"comment_status":"open","ping_status":"open","sticky":false,"template":"","format":"standard","meta":{"jnews-multi-image_gallery":[],"jnews_single_post":[],"jnews_primary_category":[],"jnews_social_meta":[],"jnews_review":[],"enable_review":"","type":"","name":"","summary":"","brand":"","sku":"","good":[],"bad":[],"score_override":"","override_value":"","rating":[],"price":[],"jnews_override_counter":[],"jnews_post_split":[],"footnotes":""},"categories":[88],"tags":[243,45,128,129],"class_list":["post-14041","post","type-post","status-publish","format-standard","has-post-thumbnail","hentry","category-internacionales","tag-lgtb","tag-noticias","tag-papa-francisco","tag-vaticano"],"_links":{"self":[{"href":"https:\/\/esreviral.com\/index.php?rest_route=\/wp\/v2\/posts\/14041","targetHints":{"allow":["GET"]}}],"collection":[{"href":"https:\/\/esreviral.com\/index.php?rest_route=\/wp\/v2\/posts"}],"about":[{"href":"https:\/\/esreviral.com\/index.php?rest_route=\/wp\/v2\/types\/post"}],"author":[{"embeddable":true,"href":"https:\/\/esreviral.com\/index.php?rest_route=\/wp\/v2\/users\/2"}],"replies":[{"embeddable":true,"href":"https:\/\/esreviral.com\/index.php?rest_route=%2Fwp%2Fv2%2Fcomments&post=14041"}],"version-history":[{"count":0,"href":"https:\/\/esreviral.com\/index.php?rest_route=\/wp\/v2\/posts\/14041\/revisions"}],"wp:featuredmedia":[{"embeddable":true,"href":"https:\/\/esreviral.com\/index.php?rest_route=\/"}],"wp:attachment":[{"href":"https:\/\/esreviral.com\/index.php?rest_route=%2Fwp%2Fv2%2Fmedia&parent=14041"}],"wp:term":[{"taxonomy":"category","embeddable":true,"href":"https:\/\/esreviral.com\/index.php?rest_route=%2Fwp%2Fv2%2Fcategories&post=14041"},{"taxonomy":"post_tag","embeddable":true,"href":"https:\/\/esreviral.com\/index.php?rest_route=%2Fwp%2Fv2%2Ftags&post=14041"}],"curies":[{"name":"wp","href":"https:\/\/api.w.org\/{rel}","templated":true}]}}