{"id":13980,"date":"2022-01-25T10:52:44","date_gmt":"2022-01-25T13:52:44","guid":{"rendered":"https:\/\/esreviral.com\/?p=13980"},"modified":"2022-01-25T10:52:44","modified_gmt":"2022-01-25T13:52:44","slug":"capturan-a-ladrona-que-robo-un-celular-de-una-garita","status":"publish","type":"post","link":"https:\/\/esreviral.com\/?p=13980","title":{"rendered":"Capturan a ladrona que rob\u00f3 un celular de una garita"},"content":{"rendered":"\n<p class=\"has-drop-cap\">Una ladrona fue detenida por la Polic\u00eda de la Ciudad luego de que sustrajera el celular de adentro de una garita de seguridad, en el barrio de Caballito.<\/p>\n\n\n\n<p>El hecho ocurri\u00f3 cuando efectivos de la Comisar\u00eda Vecinal 6A fueron alertados por una mujer que le rob\u00f3 el celular al cuidador de una garita de seguridad, ubicada en la calle Bogot\u00e1 al 100.<\/p>\n\n\n\n<p>El personal arrib\u00f3 r\u00e1pidamente y detuvo a la ladrona, de nacionalidad uruguaya y de 32 a\u00f1os, quien sustrajo el dispositivo por una de las ventanas de la garita y luego, previo a ser aprehendida, lo arroj\u00f3 a unos \u00e1rboles.<\/p>\n\n\n\n<p>En la causa intervino la Fiscal\u00eda Criminal y Correccional N\u00b041, a cargo del Dr. Russi, quien ante la Secretar\u00eda de la Dra. Torres, dispuso la detenci\u00f3n de la involucrada por el delito de \u201churto\u201d.<\/p>\n\n\n\n<p class=\"has-text-align-right\"><strong><em>Prensa Polic\u00eda de la Ciudad.-<\/em><\/strong><\/p>\n\n\n\n<figure class=\"wp-block-embed is-type-video is-provider-youtube wp-block-embed-youtube wp-embed-aspect-16-9 wp-has-aspect-ratio\"><div class=\"wp-block-embed__wrapper\">\n<div class=\"jeg_video_container jeg_video_content\"><iframe title=\"2022 01 03 Robo celular Caballito\" width=\"500\" height=\"281\" src=\"https:\/\/www.youtube.com\/embed\/4sSV6kXQqc8?feature=oembed\" frameborder=\"0\" allow=\"accelerometer; autoplay; clipboard-write; encrypted-media; gyroscope; picture-in-picture; web-share\" referrerpolicy=\"strict-origin-when-cross-origin\" allowfullscreen><\/iframe><\/div>\n<\/div><\/figure>\n","protected":false},"excerpt":{"rendered":"<p>Una ladrona fue detenida por la Polic\u00eda de la Ciudad luego de que sustrajera el celular de adentro de una garita de seguridad, en el barrio de Caballito. El hecho ocurri\u00f3 cuando efectivos de la Comisar\u00eda Vecinal 6A fueron alertados por una mujer que le rob\u00f3 el celular al cuidador de una garita de seguridad, [&hellip;]<\/p>\n","protected":false},"author":2,"featured_media":13981,"comment_status":"open","ping_status":"open","sticky":false,"template":"","format":"standard","meta":{"jnews-multi-image_gallery":[],"jnews_single_post":[],"jnews_primary_category":[],"jnews_social_meta":[],"jnews_review":[],"enable_review":"","type":"","name":"","summary":"","brand":"","sku":"","good":[],"bad":[],"score_override":"","override_value":"","rating":[],"price":[],"jnews_override_counter":[],"jnews_post_split":[],"footnotes":""},"categories":[64],"tags":[813,1485,45,1469],"class_list":["post-13980","post","type-post","status-publish","format-standard","has-post-thumbnail","hentry","category-sucesos","tag-celular","tag-ladrona","tag-noticias","tag-policia-de-la-ciudad"],"amp_enabled":true,"_links":{"self":[{"href":"https:\/\/esreviral.com\/index.php?rest_route=\/wp\/v2\/posts\/13980"}],"collection":[{"href":"https:\/\/esreviral.com\/index.php?rest_route=\/wp\/v2\/posts"}],"about":[{"href":"https:\/\/esreviral.com\/index.php?rest_route=\/wp\/v2\/types\/post"}],"author":[{"embeddable":true,"href":"https:\/\/esreviral.com\/index.php?rest_route=\/wp\/v2\/users\/2"}],"replies":[{"embeddable":true,"href":"https:\/\/esreviral.com\/index.php?rest_route=%2Fwp%2Fv2%2Fcomments&post=13980"}],"version-history":[{"count":0,"href":"https:\/\/esreviral.com\/index.php?rest_route=\/wp\/v2\/posts\/13980\/revisions"}],"wp:featuredmedia":[{"embeddable":true,"href":"https:\/\/esreviral.com\/index.php?rest_route=\/"}],"wp:attachment":[{"href":"https:\/\/esreviral.com\/index.php?rest_route=%2Fwp%2Fv2%2Fmedia&parent=13980"}],"wp:term":[{"taxonomy":"category","embeddable":true,"href":"https:\/\/esreviral.com\/index.php?rest_route=%2Fwp%2Fv2%2Fcategories&post=13980"},{"taxonomy":"post_tag","embeddable":true,"href":"https:\/\/esreviral.com\/index.php?rest_route=%2Fwp%2Fv2%2Ftags&post=13980"}],"curies":[{"name":"wp","href":"https:\/\/api.w.org\/{rel}","templated":true}]}}