{"id":13952,"date":"2022-01-24T19:35:55","date_gmt":"2022-01-24T22:35:55","guid":{"rendered":"https:\/\/esreviral.com\/?p=13952"},"modified":"2022-01-24T19:35:55","modified_gmt":"2022-01-24T22:35:55","slug":"tras-el-documental-garzonviolador-a-un-ano-del-horror-el-juzgado-del-caso-reacciono","status":"publish","type":"post","link":"https:\/\/esreviral.com\/?p=13952","title":{"rendered":"Tras el documental #Garz\u00f3nViolador a un a\u00f1o del horror, el juzgado del caso reaccion\u00f3"},"content":{"rendered":"\n<p><strong><em>Carlos Iv\u00e1n Su\u00e1rez.- <\/em><\/strong>Luego de la publicaci\u00f3n del documental #Garz\u00f3nViolador: habla la v\u00edctima a un a\u00f1o el horror, el juzgado oral 01 que lleva el caso en el que se le acusa a Irineo Garz\u00f3n Mart\u00ednez como violador, se comunic\u00f3 con la familia de Milagros, la joven venezolana v\u00edctima del hecho e informaron que en febrero retomar\u00e1n el caso y dar\u00e1n una fecha para el inicio del juicio.<\/p>\n\n\n\n<p>La informaci\u00f3n fue corroborada por Thays Campos, madre de la v\u00edctima, quien en el documental de ES RE VIRAL, se le ve claramente afectada por la situaci\u00f3n: \u00abese hombre est\u00e1 preso por la presi\u00f3n que hicimos porque sino estuviese libre\u00bb, afirm\u00f3. <\/p>\n\n\n\n<p><strong><span style=\"background-color:#9a1b22\" class=\"td_text_highlight_marker\">Sed de justicia<\/span><\/strong><\/p>\n\n\n\n<p>Transcurrieron doce meses del horror que vivi\u00f3 Milagros, la venezolana que fue abusada sexualmente en Argentina. Hoy, confiesa que ha aprendido a vivir con este hecho que le marc\u00f3 su vida para siempre pero hay d\u00edas en los que recuerda y es peor. <\/p>\n\n\n\n<p>Tiene 19 a\u00f1os de edad. Culmin\u00f3 el primer a\u00f1o de analista en sistema, carrera universitaria que inici\u00f3 gracias a una beca pero en el umbral de su memoria hay sed de justicia, y aunque Irineo Garz\u00f3n Mart\u00ednez, acusado de drogarla y violarla est\u00e1 preso, ella quiere que inicie el juicio. <\/p>\n\n\n\n<figure class=\"wp-block-embed is-type-video is-provider-youtube wp-block-embed-youtube wp-embed-aspect-16-9 wp-has-aspect-ratio\"><div class=\"wp-block-embed__wrapper\">\n<div class=\"jeg_video_container jeg_video_content\"><iframe title=\"#Garz\u00f3nviolador: Recuerdos de una v\u00edctima, a un a\u00f1o del horror\" width=\"500\" height=\"281\" src=\"https:\/\/www.youtube.com\/embed\/JxzzPi1aEgc?feature=oembed\" frameborder=\"0\" allow=\"accelerometer; autoplay; clipboard-write; encrypted-media; gyroscope; picture-in-picture; web-share\" referrerpolicy=\"strict-origin-when-cross-origin\" allowfullscreen><\/iframe><\/div>\n<\/div><\/figure>\n","protected":false},"excerpt":{"rendered":"<p>Hasta ahora no han dado fecha del inicio del juicio<\/p>\n","protected":false},"author":2,"featured_media":13978,"comment_status":"open","ping_status":"open","sticky":false,"template":"","format":"standard","meta":{"jnews-multi-image_gallery":[],"jnews_single_post":[],"jnews_primary_category":[],"jnews_social_meta":[],"jnews_review":[],"enable_review":"","type":"","name":"","summary":"","brand":"","sku":"","good":[],"bad":[],"score_override":"","override_value":"","rating":[],"price":[],"jnews_override_counter":[],"jnews_post_split":[],"footnotes":""},"categories":[54,64],"tags":[398,1479,528,1084,1480,67],"class_list":["post-13952","post","type-post","status-publish","format-standard","has-post-thumbnail","hentry","category-inmigracion","category-sucesos","tag-abuso-sexual","tag-garzon-2","tag-garzon-violador","tag-irineo-garzon-martinez","tag-milagros","tag-venezolanos-en-argentina"],"amp_enabled":true,"_links":{"self":[{"href":"https:\/\/esreviral.com\/index.php?rest_route=\/wp\/v2\/posts\/13952"}],"collection":[{"href":"https:\/\/esreviral.com\/index.php?rest_route=\/wp\/v2\/posts"}],"about":[{"href":"https:\/\/esreviral.com\/index.php?rest_route=\/wp\/v2\/types\/post"}],"author":[{"embeddable":true,"href":"https:\/\/esreviral.com\/index.php?rest_route=\/wp\/v2\/users\/2"}],"replies":[{"embeddable":true,"href":"https:\/\/esreviral.com\/index.php?rest_route=%2Fwp%2Fv2%2Fcomments&post=13952"}],"version-history":[{"count":0,"href":"https:\/\/esreviral.com\/index.php?rest_route=\/wp\/v2\/posts\/13952\/revisions"}],"wp:featuredmedia":[{"embeddable":true,"href":"https:\/\/esreviral.com\/index.php?rest_route=\/"}],"wp:attachment":[{"href":"https:\/\/esreviral.com\/index.php?rest_route=%2Fwp%2Fv2%2Fmedia&parent=13952"}],"wp:term":[{"taxonomy":"category","embeddable":true,"href":"https:\/\/esreviral.com\/index.php?rest_route=%2Fwp%2Fv2%2Fcategories&post=13952"},{"taxonomy":"post_tag","embeddable":true,"href":"https:\/\/esreviral.com\/index.php?rest_route=%2Fwp%2Fv2%2Ftags&post=13952"}],"curies":[{"name":"wp","href":"https:\/\/api.w.org\/{rel}","templated":true}]}}