{"id":13945,"date":"2022-01-24T10:24:26","date_gmt":"2022-01-24T13:24:26","guid":{"rendered":"https:\/\/esreviral.com\/?p=13945"},"modified":"2022-01-24T10:24:26","modified_gmt":"2022-01-24T13:24:26","slug":"por-estas-fotos-la-hermana-del-rey-de-espana-decidio-divorciarse","status":"publish","type":"post","link":"https:\/\/esreviral.com\/?p=13945","title":{"rendered":"Por estas fotos, la hermana del Rey de Espa\u00f1a decidi\u00f3 divorciarse"},"content":{"rendered":"\n<p>Nuevamente el esc\u00e1ndalo lleg\u00f3 a la familia real espa\u00f1ola y en esta oportunidad los protagonistas son la infanta Cristina y su marido, I\u00f1aki Urdangarin, los Duques de Palma. <\/p>\n\n\n\n<p>seg\u00fan un comunicado oficial conjunto que emitieron en horas del mediod\u00eda de&nbsp;<strong>Espa\u00f1a<\/strong>. En parte de prensa se informa que el matrimonio ha decidido&nbsp;<strong>\u201cde com\u00fan acuerdo, interrumpir su relaci\u00f3n matrimonial\u201d<\/strong>.<\/p>\n\n\n\n<p>La ruptura se produce despu\u00e9s de que la semana pasada\u00a0la revista\u00a0<em>Lectura<\/em>\u00a0publicara unas im\u00e1genes del ex\u00a0<strong>Duque de Palma<\/strong>\u00a0paseando de la mano con otra mujer. Las im\u00e1genes fueron tomadas en la playa francesa de\u00a0<strong>Bidart<\/strong>. En esa localidad la\u00a0<strong>Infanta<\/strong>\u00a0y\u00a0<strong>Urdangarin<\/strong>\u00a0tienen una casa donde suelen pasar las vacaciones de verano.<\/p>\n\n\n\n<figure class=\"wp-block-image size-large\"><img decoding=\"async\" src=\"https:\/\/www.infobae.com\/new-resizer\/LlKK9SeX3b3hNG3NGPC5TqwMVsI=\/1200x1600\/filters:format(webp):quality(85)\/cloudfront-us-east-1.images.arcpublishing.com\/infobae\/CTM55RZ7ERCYVERH7PKNQ7X6DI.jpg\" alt=\"\"\/><\/figure>\n\n\n\n<p>En el breve comunicado enviado a la Agencia Efe se a\u00f1ade: \u201c<strong>El compromiso con nuestros hijos permanece intacto. Dado que es una decisi\u00f3n de \u00e1mbito privado, pedimos el m\u00e1ximo respeto a todos los que nos rodean. Cristina de Borb\u00f3n e I\u00f1aki Urdangarin<\/strong>\u201d.<\/p>\n\n\n\n<p><strong>Cristina<\/strong>\u00a0e\u00a0<strong>I\u00f1aki<\/strong>\u00a0<strong>Urdangarin<\/strong>\u00a0se casaron en 1997. Hasta 2011, cuando estall\u00f3 el\u00a0<strong>Caso<\/strong>\u00a0<strong>N\u00f3os<\/strong>, se consider\u00f3 que ambos formaban un matrimonio ejemplar. M\u00e1xime despu\u00e9s de la ruptura de la relaci\u00f3n de su hermana, la\u00a0<strong>Infanta<\/strong>\u00a0<strong>Elena<\/strong>, con\u00a0<strong>Jaime de Marichalar<\/strong>, primera ruptura oficial en la Casa Real.<\/p>\n\n\n\n<figure class=\"wp-block-image size-large\"><img decoding=\"async\" src=\"https:\/\/imagenes.elpais.com\/resizer\/_zdOcoPox1xJlMr5X6VL7MsugJ0=\/1960x0\/arc-anglerfish-eu-central-1-prod-prisa.s3.amazonaws.com\/public\/HKRQGCYXUG7ITNPGMATNV75CU4.jpg\" alt=\"\"\/><\/figure>\n","protected":false},"excerpt":{"rendered":"<p>De los hijos de los reyes em\u00e9ritos , Juan Carlos y Sof\u00eda, s\u00f3lo el Rey Felipe permanece en matrimonio<\/p>\n","protected":false},"author":2,"featured_media":13946,"comment_status":"open","ping_status":"open","sticky":false,"template":"","format":"standard","meta":{"jnews-multi-image_gallery":[],"jnews_single_post":[],"jnews_primary_category":[],"jnews_social_meta":[],"jnews_review":[],"enable_review":"","type":"","name":"","summary":"","brand":"","sku":"","good":[],"bad":[],"score_override":"","override_value":"","rating":[],"price":[],"jnews_override_counter":[],"jnews_post_split":[],"footnotes":""},"categories":[50,88],"tags":[1476,1477,1478],"class_list":["post-13945","post","type-post","status-publish","format-standard","has-post-thumbnail","hentry","category-entretenimiento","category-internacionales","tag-duques-de-palma","tag-infanta-cristina","tag-rey-de-espana"],"amp_enabled":true,"_links":{"self":[{"href":"https:\/\/esreviral.com\/index.php?rest_route=\/wp\/v2\/posts\/13945"}],"collection":[{"href":"https:\/\/esreviral.com\/index.php?rest_route=\/wp\/v2\/posts"}],"about":[{"href":"https:\/\/esreviral.com\/index.php?rest_route=\/wp\/v2\/types\/post"}],"author":[{"embeddable":true,"href":"https:\/\/esreviral.com\/index.php?rest_route=\/wp\/v2\/users\/2"}],"replies":[{"embeddable":true,"href":"https:\/\/esreviral.com\/index.php?rest_route=%2Fwp%2Fv2%2Fcomments&post=13945"}],"version-history":[{"count":0,"href":"https:\/\/esreviral.com\/index.php?rest_route=\/wp\/v2\/posts\/13945\/revisions"}],"wp:featuredmedia":[{"embeddable":true,"href":"https:\/\/esreviral.com\/index.php?rest_route=\/"}],"wp:attachment":[{"href":"https:\/\/esreviral.com\/index.php?rest_route=%2Fwp%2Fv2%2Fmedia&parent=13945"}],"wp:term":[{"taxonomy":"category","embeddable":true,"href":"https:\/\/esreviral.com\/index.php?rest_route=%2Fwp%2Fv2%2Fcategories&post=13945"},{"taxonomy":"post_tag","embeddable":true,"href":"https:\/\/esreviral.com\/index.php?rest_route=%2Fwp%2Fv2%2Ftags&post=13945"}],"curies":[{"name":"wp","href":"https:\/\/api.w.org\/{rel}","templated":true}]}}