{"id":13888,"date":"2022-01-21T09:33:11","date_gmt":"2022-01-21T12:33:11","guid":{"rendered":"https:\/\/esreviral.com\/?p=13888"},"modified":"2022-01-21T09:33:11","modified_gmt":"2022-01-21T12:33:11","slug":"migrantes-venezolanos-marchan-en-caravana-desde-mexico-hacia-estados-unidos","status":"publish","type":"post","link":"https:\/\/esreviral.com\/?p=13888","title":{"rendered":"Migrantes venezolanos marchan en caravana desde M\u00e9xico hacia Estados Unidos"},"content":{"rendered":"\n<p>Venezolanos integran\u00a0<strong>una nueva caravana que parti\u00f3 el jueves<\/strong>\u00a0desde la ciudad de Tapachula, en M\u00e9xico, rumbo a Estados Unidos. Se trata de la primera movilizaci\u00f3n de este tipo que se hace en 2022 y en la que participan al menos 500 migrantes.<\/p>\n\n\n\n<p>El grupo sali\u00f3 la noche de este jueves desde las oficinas de regularizaci\u00f3n migratoria del Instituto Nacional de Migraci\u00f3n, donde<strong>&nbsp;no obtuvieron una respuesta a sus tr\u00e1mites<\/strong>&nbsp;para recibir los documentos que les permitieran el libre tr\u00e1nsito por el pa\u00eds y as\u00ed salir de Tapachula.<\/p>\n\n\n\n<p>Adem\u00e1s de\u00a0venezolanos, tambi\u00e9n hay migrantes de Centroam\u00e9rica, Colombia, Hait\u00ed y pa\u00edses africanos. Tomaron\u00a0la decisi\u00f3n de caminar con destino a Estados Unidos.<\/p>\n\n\n\n<p>El medio millar de personas lo componen\u00a0<strong>ni\u00f1os, ni\u00f1as, mujeres y hombres y su primer objetivo es obtener una visa o un documento<\/strong>\u00a0<strong>de manera temporal<\/strong>\u00a0para viajar en transporte p\u00fablico de manera legal por M\u00e9xico para llegara la frontera con Estados Unidos.<\/p>\n\n\n\n<p class=\"has-text-align-right\">E<strong><em>FE.-<\/em><\/strong><\/p>\n","protected":false},"excerpt":{"rendered":"<p>El grupo de aproximadamente 500 personas sali\u00f3 la noche del jueves desde la ciudad mexicana de Tapachula. Lo conforman ni\u00f1os, ni\u00f1as, mujeres y hombres y su primer objetivo es obtener una visa o un documento de manera temporal para viajar en transporte p\u00fablico de manera legal para llegara la frontera estadounidense<\/p>\n","protected":false},"author":2,"featured_media":13889,"comment_status":"open","ping_status":"open","sticky":false,"template":"","format":"standard","meta":{"jnews-multi-image_gallery":[],"jnews_single_post":[],"jnews_primary_category":[],"jnews_social_meta":[],"jnews_review":[],"enable_review":"","type":"","name":"","summary":"","brand":"","sku":"","good":[],"bad":[],"score_override":"","override_value":"","rating":[],"price":[],"jnews_override_counter":[],"jnews_post_split":[],"footnotes":""},"categories":[54,88],"tags":[55,45,902],"class_list":["post-13888","post","type-post","status-publish","format-standard","has-post-thumbnail","hentry","category-inmigracion","category-internacionales","tag-inmigracion","tag-noticias","tag-venezolanos-en-mexico-2"],"_links":{"self":[{"href":"https:\/\/esreviral.com\/index.php?rest_route=\/wp\/v2\/posts\/13888","targetHints":{"allow":["GET"]}}],"collection":[{"href":"https:\/\/esreviral.com\/index.php?rest_route=\/wp\/v2\/posts"}],"about":[{"href":"https:\/\/esreviral.com\/index.php?rest_route=\/wp\/v2\/types\/post"}],"author":[{"embeddable":true,"href":"https:\/\/esreviral.com\/index.php?rest_route=\/wp\/v2\/users\/2"}],"replies":[{"embeddable":true,"href":"https:\/\/esreviral.com\/index.php?rest_route=%2Fwp%2Fv2%2Fcomments&post=13888"}],"version-history":[{"count":0,"href":"https:\/\/esreviral.com\/index.php?rest_route=\/wp\/v2\/posts\/13888\/revisions"}],"wp:featuredmedia":[{"embeddable":true,"href":"https:\/\/esreviral.com\/index.php?rest_route=\/"}],"wp:attachment":[{"href":"https:\/\/esreviral.com\/index.php?rest_route=%2Fwp%2Fv2%2Fmedia&parent=13888"}],"wp:term":[{"taxonomy":"category","embeddable":true,"href":"https:\/\/esreviral.com\/index.php?rest_route=%2Fwp%2Fv2%2Fcategories&post=13888"},{"taxonomy":"post_tag","embeddable":true,"href":"https:\/\/esreviral.com\/index.php?rest_route=%2Fwp%2Fv2%2Ftags&post=13888"}],"curies":[{"name":"wp","href":"https:\/\/api.w.org\/{rel}","templated":true}]}}