{"id":13885,"date":"2022-01-21T09:20:51","date_gmt":"2022-01-21T12:20:51","guid":{"rendered":"https:\/\/esreviral.com\/?p=13885"},"modified":"2022-01-21T09:20:51","modified_gmt":"2022-01-21T12:20:51","slug":"cuantos-dias-deberian-esperar-los-recuperados-de-covid-para-vacunarse","status":"publish","type":"post","link":"https:\/\/esreviral.com\/?p=13885","title":{"rendered":"\u00bfCu\u00e1ntos d\u00edas deber\u00edan esperar los recuperados de COVID para vacunarse?"},"content":{"rendered":"\n<p>La ministra de Salud,&nbsp;<strong>Carla Vizzotti<\/strong>, recomend\u00f3 este jueves que las personas recuperadas de Covid-19 deben esperar 90 d\u00edas para aplicarse la primera, segunda o dosis de refuerzo, debido a \u00abla&nbsp;<strong>inmunidad&nbsp;<\/strong>que genera la infecci\u00f3n natural, que es como un&nbsp;<strong>refuerzo para nuestro sistema inmune<\/strong>\u00ab.<\/p>\n\n\n\n<p>\u00abEn relaci\u00f3n al refuerzo o a la segunda dosis de quienes tuvieron Covid, la inmunidad que genera la infecci\u00f3n natural es como un refuerzo para nuestro sistema inmune\u00bb, dijo Vizzotti este jueves por la tarde en conferencia de prensa ante una consulta de T\u00e9lam.<\/p>\n\n\n\n<p>La titular de la cartera de Salud explic\u00f3 que \u00abentonces no es que le va a hacer mal a alguien si recibe la vacuna porque tuvo Covid, pero como la enfermedad natural es como un refuerzo a la inmunidad la recomendaci\u00f3n es esperar tres meses para que sea m\u00e1s efectiva la dosis y pueda adem\u00e1s tener protecci\u00f3n m\u00e1s tiempo para adelante\u00bb.<\/p>\n\n\n\n<p>\u00abEsta es la recomendaci\u00f3n: si alguien tiene Covid, entre cualquier dosis del esquema, no importa si es la primera, la segunda o el refuerzo, diferir 90 d\u00edas la vacuna es la recomendaci\u00f3n que tenemos en la Argentina\u00bb, complet\u00f3 Vizzotti.<\/p>\n\n\n\n<p class=\"has-text-align-right\"><strong><em>Telam.-<\/em><\/strong><\/p>\n","protected":false},"excerpt":{"rendered":"<p>La ministra de Salud,&nbsp;Carla Vizzotti, recomend\u00f3 este jueves que las personas recuperadas de Covid-19 deben esperar 90 d\u00edas para aplicarse la primera, segunda o dosis de refuerzo, debido a \u00abla&nbsp;inmunidad&nbsp;que genera la infecci\u00f3n natural, que es como un&nbsp;refuerzo para nuestro sistema inmune\u00ab. \u00abEn relaci\u00f3n al refuerzo o a la segunda dosis de quienes tuvieron Covid, [&hellip;]<\/p>\n","protected":false},"author":2,"featured_media":13886,"comment_status":"open","ping_status":"open","sticky":false,"template":"","format":"standard","meta":{"jnews-multi-image_gallery":[],"jnews_single_post":[],"jnews_primary_category":[],"jnews_social_meta":[],"jnews_review":[],"enable_review":"","type":"","name":"","summary":"","brand":"","sku":"","good":[],"bad":[],"score_override":"","override_value":"","rating":[],"price":[],"jnews_override_counter":[],"jnews_post_split":[],"footnotes":""},"categories":[76],"tags":[44,77,983],"class_list":["post-13885","post","type-post","status-publish","format-standard","has-post-thumbnail","hentry","category-coronavirus","tag-argentina","tag-coronavirus","tag-vacunacion"],"_links":{"self":[{"href":"https:\/\/esreviral.com\/index.php?rest_route=\/wp\/v2\/posts\/13885","targetHints":{"allow":["GET"]}}],"collection":[{"href":"https:\/\/esreviral.com\/index.php?rest_route=\/wp\/v2\/posts"}],"about":[{"href":"https:\/\/esreviral.com\/index.php?rest_route=\/wp\/v2\/types\/post"}],"author":[{"embeddable":true,"href":"https:\/\/esreviral.com\/index.php?rest_route=\/wp\/v2\/users\/2"}],"replies":[{"embeddable":true,"href":"https:\/\/esreviral.com\/index.php?rest_route=%2Fwp%2Fv2%2Fcomments&post=13885"}],"version-history":[{"count":0,"href":"https:\/\/esreviral.com\/index.php?rest_route=\/wp\/v2\/posts\/13885\/revisions"}],"wp:featuredmedia":[{"embeddable":true,"href":"https:\/\/esreviral.com\/index.php?rest_route=\/"}],"wp:attachment":[{"href":"https:\/\/esreviral.com\/index.php?rest_route=%2Fwp%2Fv2%2Fmedia&parent=13885"}],"wp:term":[{"taxonomy":"category","embeddable":true,"href":"https:\/\/esreviral.com\/index.php?rest_route=%2Fwp%2Fv2%2Fcategories&post=13885"},{"taxonomy":"post_tag","embeddable":true,"href":"https:\/\/esreviral.com\/index.php?rest_route=%2Fwp%2Fv2%2Ftags&post=13885"}],"curies":[{"name":"wp","href":"https:\/\/api.w.org\/{rel}","templated":true}]}}