{"id":13725,"date":"2022-01-15T11:41:04","date_gmt":"2022-01-15T14:41:04","guid":{"rendered":"https:\/\/esreviral.com\/?p=13725"},"modified":"2022-01-15T11:41:04","modified_gmt":"2022-01-15T14:41:04","slug":"alerta-rojo-para-once-provincias-del-pais-por-altas-temperaturas","status":"publish","type":"post","link":"https:\/\/esreviral.com\/?p=13725","title":{"rendered":"Alerta rojo para once provincias del pa\u00eds por altas temperaturas"},"content":{"rendered":"\n<p>Once provincias de la zona central, oeste, norte y litoral de Argentina est\u00e1n bajo&nbsp;<strong>alerta rojo por el riesgo que puede significar para la salud<\/strong>&nbsp;la temperaturas extremas pronosticadas para este s\u00e1bado, inform\u00f3 el Servicio Meteorol\u00f3gico Nacional (SMN).<\/p>\n\n\n\n<p>Se trata del oeste de Entre R\u00edos, parte del noroeste de la provincia de Buenos Aires, sur de Santa Fe y sudoeste de C\u00f3rdoba, La Pampa, San Luis, Mendoza, San Juan, La Rioja, Tucum\u00e1n y Catamarca.<\/p>\n\n\n\n<p>Ese alerta significa que l<strong>as altas temperaturas pueden ser \u00abmuy peligrosas\u00bb y afectar a todas las personas, incluso a las saludables<\/strong>.<\/p>\n\n\n\n<p>En tanto, en el norte de Salta, sureste de Santiago del Estero y de C\u00f3rdoba, oeste de Santa Fe, este de Entre R\u00edos, Ciudad de Buenos Aires, parte del noroeste de la provincia de Buenos Aires, sur de Mendoza y noroeste de Neuqu\u00e9n rige un&nbsp;<strong>alerta naranja<\/strong>.<\/p>\n\n\n\n<p>Este nivel de atenci\u00f3n implica que las temperaturas \u00abpueden ser muy peligrosas para la salud, especialmente para los grupos de riesgo\u00bb, como beb\u00e9s y ni\u00f1os peque\u00f1os, mayores de 65 a\u00f1os y personas con enfermedades cr\u00f3nicas.<\/p>\n\n\n\n<p>Gran parte de la Argentina vivi\u00f3 esta semana condiciones meteorol\u00f3gicas consideradas como \u201cextraordinarias\u201d por el SMN, con\u00a0<strong>marcas t\u00e9rmicas que superaron los 40 grados<\/strong>.<\/p>\n\n\n\n<p class=\"has-text-align-right\"><strong><em>Telam.-<\/em><\/strong><\/p>\n\n\n\n<figure class=\"wp-block-embed is-type-rich is-provider-twitter wp-block-embed-twitter\"><div class=\"wp-block-embed__wrapper\">\n<blockquote class=\"twitter-tweet\" data-width=\"500\" data-dnt=\"true\"><p lang=\"es\" dir=\"ltr\">\u2600\ufe0f Cuidados de verano | \ud83d\udca6 Preven\u00ed la deshidrataci\u00f3n. <br><br> \ud83c\udf21\ufe0f Ante las altas temperaturas: <br><br>\ud83d\udca7Aument\u00e1 el consumo de l\u00edquidos incluso aunque no sientas sed.<br><br>\ud83d\udca7Tom\u00e1 al menos 8 vasos de agua al d\u00eda.<br><br>+ Info: <a href=\"https:\/\/t.co\/DvewKMhqKv\">https:\/\/t.co\/DvewKMhqKv<\/a> <a href=\"https:\/\/t.co\/jW2hV75Xvg\">pic.twitter.com\/jW2hV75Xvg<\/a><\/p>&mdash; Ministerio de Salud de la Naci\u00f3n (@MinSalud_Ar) <a href=\"https:\/\/twitter.com\/MinSalud_Ar\/status\/1482322205186748418?ref_src=twsrc%5Etfw\">January 15, 2022<\/a><\/blockquote><script async src=\"https:\/\/platform.twitter.com\/widgets.js\" charset=\"utf-8\"><\/script>\n<\/div><\/figure>\n","protected":false},"excerpt":{"rendered":"<p>Once provincias de la zona central, oeste, norte y litoral de Argentina est\u00e1n bajo&nbsp;alerta rojo por el riesgo que puede significar para la salud&nbsp;la temperaturas extremas pronosticadas para este s\u00e1bado, inform\u00f3 el Servicio Meteorol\u00f3gico Nacional (SMN). Se trata del oeste de Entre R\u00edos, parte del noroeste de la provincia de Buenos Aires, sur de Santa [&hellip;]<\/p>\n","protected":false},"author":2,"featured_media":13512,"comment_status":"open","ping_status":"open","sticky":false,"template":"","format":"standard","meta":{"jnews-multi-image_gallery":[],"jnews_single_post":[],"jnews_primary_category":[],"jnews_social_meta":[],"jnews_review":[],"enable_review":"","type":"","name":"","summary":"","brand":"","sku":"","good":[],"bad":[],"score_override":"","override_value":"","rating":[],"price":[],"jnews_override_counter":[],"jnews_post_split":[],"footnotes":""},"categories":[58],"tags":[44,1261],"class_list":["post-13725","post","type-post","status-publish","format-standard","has-post-thumbnail","hentry","category-argentina","tag-argentina","tag-ola-de-calor"],"_links":{"self":[{"href":"https:\/\/esreviral.com\/index.php?rest_route=\/wp\/v2\/posts\/13725","targetHints":{"allow":["GET"]}}],"collection":[{"href":"https:\/\/esreviral.com\/index.php?rest_route=\/wp\/v2\/posts"}],"about":[{"href":"https:\/\/esreviral.com\/index.php?rest_route=\/wp\/v2\/types\/post"}],"author":[{"embeddable":true,"href":"https:\/\/esreviral.com\/index.php?rest_route=\/wp\/v2\/users\/2"}],"replies":[{"embeddable":true,"href":"https:\/\/esreviral.com\/index.php?rest_route=%2Fwp%2Fv2%2Fcomments&post=13725"}],"version-history":[{"count":0,"href":"https:\/\/esreviral.com\/index.php?rest_route=\/wp\/v2\/posts\/13725\/revisions"}],"wp:featuredmedia":[{"embeddable":true,"href":"https:\/\/esreviral.com\/index.php?rest_route=\/"}],"wp:attachment":[{"href":"https:\/\/esreviral.com\/index.php?rest_route=%2Fwp%2Fv2%2Fmedia&parent=13725"}],"wp:term":[{"taxonomy":"category","embeddable":true,"href":"https:\/\/esreviral.com\/index.php?rest_route=%2Fwp%2Fv2%2Fcategories&post=13725"},{"taxonomy":"post_tag","embeddable":true,"href":"https:\/\/esreviral.com\/index.php?rest_route=%2Fwp%2Fv2%2Ftags&post=13725"}],"curies":[{"name":"wp","href":"https:\/\/api.w.org\/{rel}","templated":true}]}}