{"id":13550,"date":"2022-01-12T10:34:01","date_gmt":"2022-01-12T13:34:01","guid":{"rendered":"https:\/\/esreviral.com\/?p=13550"},"modified":"2022-01-12T10:34:01","modified_gmt":"2022-01-12T13:34:01","slug":"abren-puntos-de-hidratacion-en-la-ciudad-de-buenos-aires","status":"publish","type":"post","link":"https:\/\/esreviral.com\/?p=13550","title":{"rendered":"Abren puntos de hidrataci\u00f3n en la Ciudad de Buenos Aires"},"content":{"rendered":"\n<p>Debido a las altas temperaturas y el fuerte calor que se ha desatado en Buenos Aires, el Gobierno de la ciudad coloc\u00f3 diversos puntos de hidrataci\u00f3n en puntos estrat\u00e9gicos a fin de ayudas a las personas que andan en las calles, as\u00ed lo anunci\u00f3 en su cuenta de twitter, Mar\u00eda Migliore, Ministra de Desarrollo Humano y H\u00e1bitat.<\/p>\n\n\n\n<p>\u00abEn estos d\u00edas de calor, si ves a una persona en situaci\u00f3n de calle, llam\u00e1 al 108 para que podamos asistirla, darle agua fresca y la posibilidad de ir a un Centro de Inclusi\u00f3n\u00bb, coment\u00f3 la funcionaria. <\/p>\n\n\n\n<figure class=\"wp-block-embed is-type-rich is-provider-twitter wp-block-embed-twitter\"><div class=\"wp-block-embed__wrapper\">\n<blockquote class=\"twitter-tweet\" data-width=\"500\" data-dnt=\"true\"><p lang=\"es\" dir=\"ltr\">Frente a las altas temperaturas activamos el Operativo Calor en distintos puntos de la Ciudad para que los vecinos y vecinas puedan hidratarse y prevenir efectos adversos del calor. <a href=\"https:\/\/t.co\/bryHN66rGj\">pic.twitter.com\/bryHN66rGj<\/a><\/p>&mdash; Mar\u00eda Migliore (@MariaMigliore) <a href=\"https:\/\/twitter.com\/MariaMigliore\/status\/1480997641085456386?ref_src=twsrc%5Etfw\">January 11, 2022<\/a><\/blockquote><script async src=\"https:\/\/platform.twitter.com\/widgets.js\" charset=\"utf-8\"><\/script>\n<\/div><\/figure>\n","protected":false},"excerpt":{"rendered":"<p>En diversos puntos estrat\u00e9gicos pusieron toldos para la entrega de agua gratuita <\/p>\n","protected":false},"author":2,"featured_media":13551,"comment_status":"open","ping_status":"open","sticky":false,"template":"","format":"standard","meta":{"jnews-multi-image_gallery":[],"jnews_single_post":[],"jnews_primary_category":[],"jnews_social_meta":[],"jnews_review":[],"enable_review":"","type":"","name":"","summary":"","brand":"","sku":"","good":[],"bad":[],"score_override":"","override_value":"","rating":[],"price":[],"jnews_override_counter":[],"jnews_post_split":[],"footnotes":""},"categories":[58],"tags":[44,519,45,1261],"class_list":["post-13550","post","type-post","status-publish","format-standard","has-post-thumbnail","hentry","category-argentina","tag-argentina","tag-calor","tag-noticias","tag-ola-de-calor"],"amp_enabled":true,"_links":{"self":[{"href":"https:\/\/esreviral.com\/index.php?rest_route=\/wp\/v2\/posts\/13550"}],"collection":[{"href":"https:\/\/esreviral.com\/index.php?rest_route=\/wp\/v2\/posts"}],"about":[{"href":"https:\/\/esreviral.com\/index.php?rest_route=\/wp\/v2\/types\/post"}],"author":[{"embeddable":true,"href":"https:\/\/esreviral.com\/index.php?rest_route=\/wp\/v2\/users\/2"}],"replies":[{"embeddable":true,"href":"https:\/\/esreviral.com\/index.php?rest_route=%2Fwp%2Fv2%2Fcomments&post=13550"}],"version-history":[{"count":0,"href":"https:\/\/esreviral.com\/index.php?rest_route=\/wp\/v2\/posts\/13550\/revisions"}],"wp:featuredmedia":[{"embeddable":true,"href":"https:\/\/esreviral.com\/index.php?rest_route=\/"}],"wp:attachment":[{"href":"https:\/\/esreviral.com\/index.php?rest_route=%2Fwp%2Fv2%2Fmedia&parent=13550"}],"wp:term":[{"taxonomy":"category","embeddable":true,"href":"https:\/\/esreviral.com\/index.php?rest_route=%2Fwp%2Fv2%2Fcategories&post=13550"},{"taxonomy":"post_tag","embeddable":true,"href":"https:\/\/esreviral.com\/index.php?rest_route=%2Fwp%2Fv2%2Ftags&post=13550"}],"curies":[{"name":"wp","href":"https:\/\/api.w.org\/{rel}","templated":true}]}}