{"id":13532,"date":"2022-01-11T20:32:07","date_gmt":"2022-01-11T23:32:07","guid":{"rendered":"https:\/\/esreviral.com\/?p=13532"},"modified":"2022-01-11T20:32:07","modified_gmt":"2022-01-11T23:32:07","slug":"solicitan-ayuda-economica-para-cremar-el-cadaver-de-un-venezolano-que-fallecio-por-covid","status":"publish","type":"post","link":"https:\/\/esreviral.com\/?p=13532","title":{"rendered":"Solicitan ayuda econ\u00f3mica para cremar el cad\u00e1ver de un venezolano que falleci\u00f3 por COVID"},"content":{"rendered":"\n<p>Luis Machado, arrib\u00f3 a la Argentina hace cuatro a\u00f1os junto a su familia, era natural de Ciudad Bol\u00edvar. A principios de diciembre  se contagi\u00f3 de coronavirus y la situaci\u00f3n se le complic\u00f3 hasta no aguantar y lamentablemente falleci\u00f3 la semana pasada. <\/p>\n\n\n\n<p>El hombre trabaj\u00f3 como taxista, incluso tuvo un peque\u00f1o emprendimiento gastron\u00f3mico desde su hogar, ahora su esposa, no cuenta con los recursos econ\u00f3micos necesarios para la cremaci\u00f3n de su cad\u00e1ver, la cual le cuesta 46.000 pesos argentinos. <\/p>\n\n\n\n<p>Si bien es cierto, pudieran hacerlo por la parte p\u00fablica, hay un problema y es que, \u00ab\u00e9l muri\u00f3 en Quilmes y para sacar el cuerpo sin vida deben pagar una funeraria, la municipalidad pudiera hacerlo de manera gratuita pero Machado se hab\u00eda mudado de capital (donde indica el DNI) para Lomas de Zamora pero se fue a Quilmes donde lo hospitalizaron y falleci\u00f3, por esa raz\u00f3n no se lo cubren\u00bb, explic\u00f3 Dino Rampini, amigo de la familia. <\/p>\n\n\n\n<p>Quienes deseen colaborar, pueden hacerlo a trav\u00e9s de la cuenta del banco Galicia: <\/p>\n\n\n\n<p>NANCY Y. ROZO (viuda de Luis Machado)<\/p>\n\n\n\n<p><strong>CBU:<\/strong> 0070039930004060688193<br><strong>ALIAS:<\/strong> METAL.TROMPO.PEDAL<\/p>\n","protected":false},"excerpt":{"rendered":"<p>Luis Machado, arrib\u00f3 a la Argentina hace cuatro a\u00f1os junto a su familia, era natural de Ciudad Bol\u00edvar. A principios de diciembre se contagi\u00f3 de coronavirus y la situaci\u00f3n se le complic\u00f3 hasta no aguantar y lamentablemente falleci\u00f3 la semana pasada. El hombre trabaj\u00f3 como taxista, incluso tuvo un peque\u00f1o emprendimiento gastron\u00f3mico desde su hogar, [&hellip;]<\/p>\n","protected":false},"author":2,"featured_media":13533,"comment_status":"open","ping_status":"open","sticky":false,"template":"","format":"standard","meta":{"jnews-multi-image_gallery":[],"jnews_single_post":[],"jnews_primary_category":[],"jnews_social_meta":[],"jnews_review":[],"enable_review":"","type":"","name":"","summary":"","brand":"","sku":"","good":[],"bad":[],"score_override":"","override_value":"","rating":[],"price":[],"jnews_override_counter":[],"jnews_post_split":[],"footnotes":""},"categories":[54],"tags":[188,45,67],"class_list":["post-13532","post","type-post","status-publish","format-standard","has-post-thumbnail","hentry","category-inmigracion","tag-covid-19","tag-noticias","tag-venezolanos-en-argentina"],"amp_enabled":true,"_links":{"self":[{"href":"https:\/\/esreviral.com\/index.php?rest_route=\/wp\/v2\/posts\/13532"}],"collection":[{"href":"https:\/\/esreviral.com\/index.php?rest_route=\/wp\/v2\/posts"}],"about":[{"href":"https:\/\/esreviral.com\/index.php?rest_route=\/wp\/v2\/types\/post"}],"author":[{"embeddable":true,"href":"https:\/\/esreviral.com\/index.php?rest_route=\/wp\/v2\/users\/2"}],"replies":[{"embeddable":true,"href":"https:\/\/esreviral.com\/index.php?rest_route=%2Fwp%2Fv2%2Fcomments&post=13532"}],"version-history":[{"count":0,"href":"https:\/\/esreviral.com\/index.php?rest_route=\/wp\/v2\/posts\/13532\/revisions"}],"wp:featuredmedia":[{"embeddable":true,"href":"https:\/\/esreviral.com\/index.php?rest_route=\/"}],"wp:attachment":[{"href":"https:\/\/esreviral.com\/index.php?rest_route=%2Fwp%2Fv2%2Fmedia&parent=13532"}],"wp:term":[{"taxonomy":"category","embeddable":true,"href":"https:\/\/esreviral.com\/index.php?rest_route=%2Fwp%2Fv2%2Fcategories&post=13532"},{"taxonomy":"post_tag","embeddable":true,"href":"https:\/\/esreviral.com\/index.php?rest_route=%2Fwp%2Fv2%2Ftags&post=13532"}],"curies":[{"name":"wp","href":"https:\/\/api.w.org\/{rel}","templated":true}]}}