{"id":1349,"date":"2020-11-05T20:11:30","date_gmt":"2020-11-05T20:11:30","guid":{"rendered":"http:\/\/esreviral.com\/?p=1349"},"modified":"2020-11-05T20:11:30","modified_gmt":"2020-11-05T20:11:30","slug":"envideo-la-policia-de-la-ciudad-detuvo-al-asaltante-del-periodista-baby-etchecopar","status":"publish","type":"post","link":"https:\/\/esreviral.com\/?p=1349","title":{"rendered":"#ENVIDEO La Polic\u00eda de la Ciudad detuvo al asaltante del periodista Baby Etchecopar"},"content":{"rendered":"\n<p>La Polic\u00eda de la Ciudad detuvo esta tarde a un argentino de 35 a\u00f1os de edad, que particip\u00f3 del robo al periodista Baby Etchecopar.<\/p>\n\n\n\n<p><br>El robo se produjo pasadas las 14 horas de hoy, cuando el periodista sal\u00eda de Radio Rivadavia, ubicada en Arenales al 2.300.<br><br>El delincuente abord\u00f3 al periodista y luego de forcejear le sustrajo el reloj y lo tir\u00f3 al piso.<\/p>\n\n\n\n<p>El ladr\u00f3n se transportaba en una moto conducida por otro delincuente que est\u00e1 siendo buscado.<\/p>\n\n\n\n<p><br>Minutos despu\u00e9s, personal de la Comisar\u00eda Vecinal 2 A de la Polic\u00eda de la Ciudad que recorr\u00eda la zona detuvo a pocas cuadras, en Juncal al 2.100, a un delincuente, argentino de 35 a\u00f1os, y recuper\u00f3 el reloj.<\/p>\n\n\n\n<figure class=\"wp-block-embed-twitter wp-block-embed is-type-rich is-provider-twitter\"><div class=\"wp-block-embed__wrapper\">\n<blockquote class=\"twitter-tweet\" data-width=\"500\" data-dnt=\"true\"><p lang=\"es\" dir=\"ltr\"><a href=\"https:\/\/twitter.com\/hashtag\/5nov?src=hash&amp;ref_src=twsrc%5Etfw\">#5nov<\/a> <a href=\"https:\/\/twitter.com\/Policia_ciudad?ref_src=twsrc%5Etfw\">@Policia_ciudad<\/a> detuvo a asaltante del periodista Baby Etchecopar <a href=\"https:\/\/t.co\/ShDorXtInL\">pic.twitter.com\/ShDorXtInL<\/a><\/p>&mdash; ES RE VIRAL (@esreviral) <a href=\"https:\/\/twitter.com\/esreviral\/status\/1324443845241806849?ref_src=twsrc%5Etfw\">November 5, 2020<\/a><\/blockquote><script async src=\"https:\/\/platform.twitter.com\/widgets.js\" charset=\"utf-8\"><\/script>\n<\/div><\/figure>\n","protected":false},"excerpt":{"rendered":"<p>El robo se produjo pasadas las 14 horas de hoy, cuando el periodista sal\u00eda de Radio Rivadavia, ubicada en Arenales al 2.300<\/p>\n","protected":false},"author":2,"featured_media":1350,"comment_status":"open","ping_status":"open","sticky":false,"template":"","format":"standard","meta":{"jnews-multi-image_gallery":[],"jnews_single_post":[],"jnews_primary_category":[],"jnews_social_meta":[],"jnews_review":[],"enable_review":"","type":"","name":"","summary":"","brand":"","sku":"","good":[],"bad":[],"score_override":"","override_value":"","rating":[],"price":[],"jnews_override_counter":[],"jnews_post_split":[],"footnotes":""},"categories":[64],"tags":[45,125,65],"class_list":["post-1349","post","type-post","status-publish","format-standard","has-post-thumbnail","hentry","category-sucesos","tag-noticias","tag-policiales","tag-sucesos"],"amp_enabled":true,"_links":{"self":[{"href":"https:\/\/esreviral.com\/index.php?rest_route=\/wp\/v2\/posts\/1349"}],"collection":[{"href":"https:\/\/esreviral.com\/index.php?rest_route=\/wp\/v2\/posts"}],"about":[{"href":"https:\/\/esreviral.com\/index.php?rest_route=\/wp\/v2\/types\/post"}],"author":[{"embeddable":true,"href":"https:\/\/esreviral.com\/index.php?rest_route=\/wp\/v2\/users\/2"}],"replies":[{"embeddable":true,"href":"https:\/\/esreviral.com\/index.php?rest_route=%2Fwp%2Fv2%2Fcomments&post=1349"}],"version-history":[{"count":0,"href":"https:\/\/esreviral.com\/index.php?rest_route=\/wp\/v2\/posts\/1349\/revisions"}],"wp:featuredmedia":[{"embeddable":true,"href":"https:\/\/esreviral.com\/index.php?rest_route=\/"}],"wp:attachment":[{"href":"https:\/\/esreviral.com\/index.php?rest_route=%2Fwp%2Fv2%2Fmedia&parent=1349"}],"wp:term":[{"taxonomy":"category","embeddable":true,"href":"https:\/\/esreviral.com\/index.php?rest_route=%2Fwp%2Fv2%2Fcategories&post=1349"},{"taxonomy":"post_tag","embeddable":true,"href":"https:\/\/esreviral.com\/index.php?rest_route=%2Fwp%2Fv2%2Ftags&post=1349"}],"curies":[{"name":"wp","href":"https:\/\/api.w.org\/{rel}","templated":true}]}}