{"id":13464,"date":"2022-01-08T21:40:55","date_gmt":"2022-01-09T00:40:55","guid":{"rendered":"https:\/\/esreviral.com\/?p=13464"},"modified":"2022-01-08T21:40:55","modified_gmt":"2022-01-09T00:40:55","slug":"primera-foto-oficial-de-la-boda-de-stefi-y-ricky-senor-y-senora","status":"publish","type":"post","link":"https:\/\/esreviral.com\/?p=13464","title":{"rendered":"Primera foto oficial de la boda de Stefi y Ricky: \u00abSe\u00f1or y se\u00f1ora\u00bb"},"content":{"rendered":"\n<p><strong><em>CIS.-<\/em><\/strong> \u00abPara siempre S&amp;R\u00bb, escribi\u00f3 Stefi Roitman de Montaner, en su primera publicaci\u00f3n en Instagram que fue compartida por Ricky Montaner. Es la primera foto oficial de la primera boda re viral del a\u00f1o. <\/p>\n\n\n\n<p>Gran hermetismo rein\u00f3 entre los presentes, quienes tuvieron que firmar un contrato de confidencialidad. <\/p>\n\n\n\n<p>Al parecer, todos los detalles fueron grabados en videos pero para un reality que luego los Montaner Roitman van a comercializar en sus redes sociales. <\/p>\n\n\n\n<p>El dise\u00f1o del vestido de Stefi ser\u00eda de una firma correntina y se cambiar\u00eda en tres oportunidades. <\/p>\n\n\n\n<figure class=\"wp-block-image size-large\"><img decoding=\"async\" src=\"https:\/\/pbs.twimg.com\/media\/FIqnhTIXEAkTXQB?format=jpg&amp;name=large\" alt=\"\"\/><\/figure>\n\n\n\n<figure class=\"wp-block-image size-large\"><img decoding=\"async\" src=\"https:\/\/pbs.twimg.com\/media\/FIqnhzpXoA0YnxB?format=jpg&amp;name=large\" alt=\"\"\/><\/figure>\n\n\n\n<figure class=\"wp-block-image size-large\"><img decoding=\"async\" src=\"https:\/\/pbs.twimg.com\/media\/FIqniYwXwAkKWUA?format=jpg&amp;name=large\" alt=\"\"\/><\/figure>\n\n\n\n<figure class=\"wp-block-image size-large\"><img decoding=\"async\" src=\"https:\/\/esreviral.com\/wp-content\/uploads\/2022\/01\/AAAB565A-9100-4CBD-9035-CD42933C885D-1024x973.jpg\" alt=\"\" class=\"wp-image-13466\"\/><\/figure>\n\n\n\n<figure class=\"wp-block-image size-large\"><img decoding=\"async\" src=\"https:\/\/esreviral.com\/wp-content\/uploads\/2022\/01\/EF6C35F0-6B86-46FC-BCB9-F19C55C0C48F-1018x1024.jpg\" alt=\"\" class=\"wp-image-13467\"\/><\/figure>\n","protected":false},"excerpt":{"rendered":"<p>CIS.- \u00abPara siempre S&amp;R\u00bb, escribi\u00f3 Stefi Roitman de Montaner, en su primera publicaci\u00f3n en Instagram que fue compartida por Ricky Montaner. Es la primera foto oficial de la primera boda re viral del a\u00f1o. Gran hermetismo rein\u00f3 entre los presentes, quienes tuvieron que firmar un contrato de confidencialidad. Al parecer, todos los detalles fueron grabados [&hellip;]<\/p>\n","protected":false},"author":2,"featured_media":13465,"comment_status":"open","ping_status":"open","sticky":false,"template":"","format":"standard","meta":{"jnews-multi-image_gallery":[],"jnews_single_post":[],"jnews_primary_category":[],"jnews_social_meta":[],"jnews_review":[],"enable_review":"","type":"","name":"","summary":"","brand":"","sku":"","good":[],"bad":[],"score_override":"","override_value":"","rating":[],"price":[],"jnews_override_counter":[],"jnews_post_split":[],"footnotes":""},"categories":[50],"tags":[1168,1392,1393],"class_list":["post-13464","post","type-post","status-publish","format-standard","has-post-thumbnail","hentry","category-entretenimiento","tag-boda","tag-ricky-montaner","tag-stefi-roitman"],"_links":{"self":[{"href":"https:\/\/esreviral.com\/index.php?rest_route=\/wp\/v2\/posts\/13464","targetHints":{"allow":["GET"]}}],"collection":[{"href":"https:\/\/esreviral.com\/index.php?rest_route=\/wp\/v2\/posts"}],"about":[{"href":"https:\/\/esreviral.com\/index.php?rest_route=\/wp\/v2\/types\/post"}],"author":[{"embeddable":true,"href":"https:\/\/esreviral.com\/index.php?rest_route=\/wp\/v2\/users\/2"}],"replies":[{"embeddable":true,"href":"https:\/\/esreviral.com\/index.php?rest_route=%2Fwp%2Fv2%2Fcomments&post=13464"}],"version-history":[{"count":0,"href":"https:\/\/esreviral.com\/index.php?rest_route=\/wp\/v2\/posts\/13464\/revisions"}],"wp:featuredmedia":[{"embeddable":true,"href":"https:\/\/esreviral.com\/index.php?rest_route=\/"}],"wp:attachment":[{"href":"https:\/\/esreviral.com\/index.php?rest_route=%2Fwp%2Fv2%2Fmedia&parent=13464"}],"wp:term":[{"taxonomy":"category","embeddable":true,"href":"https:\/\/esreviral.com\/index.php?rest_route=%2Fwp%2Fv2%2Fcategories&post=13464"},{"taxonomy":"post_tag","embeddable":true,"href":"https:\/\/esreviral.com\/index.php?rest_route=%2Fwp%2Fv2%2Ftags&post=13464"}],"curies":[{"name":"wp","href":"https:\/\/api.w.org\/{rel}","templated":true}]}}