{"id":13380,"date":"2022-01-07T10:12:25","date_gmt":"2022-01-07T13:12:25","guid":{"rendered":"https:\/\/esreviral.com\/?p=13380"},"modified":"2022-01-07T10:12:25","modified_gmt":"2022-01-07T13:12:25","slug":"envivo-inicia-reunion-de-la-celac-en-argentina","status":"publish","type":"post","link":"https:\/\/esreviral.com\/?p=13380","title":{"rendered":"Argentina fue escogida para ejercer la presidencia de la CELAC"},"content":{"rendered":"\n<p><strong>Argentina fue elegida por todos los integrantes de la Comunidad de Estados Latinoamericanos y Caribe\u00f1os (Celac) para ejercer la presidencia pro t\u00e9mpore para el per\u00edodo 2022<\/strong>, en una votaci\u00f3n por unanimidad entre los representantes de las delegaciones, concretada despu\u00e9s que el canciller de M\u00e9xico, Marcelo Ebrard solicitar\u00e1 el apoyo para el pa\u00eds en la cumbre XXII del bloque regional que se realiza en el Palacio San Mart\u00edn.<\/p>\n\n\n\n<p>El canciller Santiago Cafiero inaugur\u00f3 con un discurso la Sesi\u00f3n Plenaria de la XXII Reuni\u00f3n de Ministros y Ministras de Relaciones Exteriores de la Comunidad de Estados Latinoamericanos y Caribe\u00f1os (CELAC), donde destac\u00f3 la integraci\u00f3n del bloque regional. La Cumbre de los cancilleres comenz\u00f3 a las 10, en el Sal\u00f3n Libertador del Palacio San Mart\u00edn, luego de tomar la foto oficial en el Patio de Honor.<\/p>\n\n\n\n<p><strong><br>\u201cSomos parte de una historia, donde muchos l\u00edderes de Am\u00e9rica Latina y el Caribe vienen dejando testimonio tras testimonio de que estamos profundamente orgullosos de nuestra cultura de encuentro, de nuestra cultura de paz\u201d<\/strong>, expres\u00f3 el Canciller. La CELAC fue creada en 2010 y es un mecanismo intergubernamental de di\u00e1logo y concertaci\u00f3n pol\u00edtica; su membres\u00eda incluye a los 33 pa\u00edses de Am\u00e9rica Latina y el Caribe.<\/p>\n\n\n\n<figure class=\"wp-block-image size-large\"><img decoding=\"async\" src=\"https:\/\/esreviral.com\/wp-content\/uploads\/2022\/01\/unnamed3-1024x687.jpeg\" alt=\"\" class=\"wp-image-13389\"\/><\/figure>\n\n\n\n<p><br>En el mismo sentido, destac\u00f3 las coincidencias que a\u00fanan a los pa\u00edses de la regi\u00f3n:&nbsp;<strong>\u201cNuestra identidad com\u00fan es una construcci\u00f3n pol\u00edtica, social, econ\u00f3mica y cultural; una historia rica que tenemos que seguir bregando entre todos y todas para que no se detenga. Este es el \u00e1mbito por excelencia de Latinoam\u00e9rica y Caribe que promueve el di\u00e1logo sin exclusiones. A eso se compromete la Argentina como anfitriona de este nuevo encuentro de la CELAC\u201d.<\/strong><\/p>\n\n\n\n<p><strong><br>\u201cLa mayor dificultad ha sido la pandemia, pero esto no le impidi\u00f3 ni a M\u00e9xico ni a todos los que somos parte de la CELAC, trabajar durante el 2020 y el 2021, y as\u00ed proyectamos trabajar durante el 2022, todos juntos en la diversidad, para fortalecer el di\u00e1logo en nuestra regi\u00f3n, entre los estados parte, y continuar con las herramientas de integraci\u00f3n que son las necesarias para seguir construyendo una regi\u00f3n en paz\u201d,<\/strong>&nbsp;finaliz\u00f3 el canciller argentino.<\/p>\n\n\n\n<figure class=\"wp-block-embed is-type-video is-provider-youtube wp-block-embed-youtube wp-embed-aspect-16-9 wp-has-aspect-ratio\"><div class=\"wp-block-embed__wrapper\">\n<div class=\"jeg_video_container jeg_video_content\"><iframe title=\"Apertura de la Sesi\u00f3n Plenaria de la XXII Reuni\u00f3n de Cancilleres de la CELAC.\" width=\"500\" height=\"281\" src=\"https:\/\/www.youtube.com\/embed\/_D4EdbgmpTk?feature=oembed\" frameborder=\"0\" allow=\"accelerometer; autoplay; clipboard-write; encrypted-media; gyroscope; picture-in-picture; web-share\" referrerpolicy=\"strict-origin-when-cross-origin\" allowfullscreen><\/iframe><\/div>\n<\/div><\/figure>\n","protected":false},"excerpt":{"rendered":"<p>Argentina fue elegida por todos los integrantes de la Comunidad de Estados Latinoamericanos y Caribe\u00f1os (Celac) para ejercer la presidencia pro t\u00e9mpore para el per\u00edodo 2022, en una votaci\u00f3n por unanimidad entre los representantes de las delegaciones, concretada despu\u00e9s que el canciller de M\u00e9xico, Marcelo Ebrard solicitar\u00e1 el apoyo para el pa\u00eds en la cumbre [&hellip;]<\/p>\n","protected":false},"author":2,"featured_media":13388,"comment_status":"open","ping_status":"open","sticky":false,"template":"","format":"standard","meta":{"jnews-multi-image_gallery":[],"jnews_single_post":[],"jnews_primary_category":[],"jnews_social_meta":[],"jnews_review":[],"enable_review":"","type":"","name":"","summary":"","brand":"","sku":"","good":[],"bad":[],"score_override":"","override_value":"","rating":[],"price":[],"jnews_override_counter":[],"jnews_post_split":[],"footnotes":""},"categories":[88,59],"tags":[44,1166,925,45],"class_list":["post-13380","post","type-post","status-publish","format-standard","has-post-thumbnail","hentry","category-internacionales","category-politica","tag-argentina","tag-celac","tag-mexico-2","tag-noticias"],"_links":{"self":[{"href":"https:\/\/esreviral.com\/index.php?rest_route=\/wp\/v2\/posts\/13380","targetHints":{"allow":["GET"]}}],"collection":[{"href":"https:\/\/esreviral.com\/index.php?rest_route=\/wp\/v2\/posts"}],"about":[{"href":"https:\/\/esreviral.com\/index.php?rest_route=\/wp\/v2\/types\/post"}],"author":[{"embeddable":true,"href":"https:\/\/esreviral.com\/index.php?rest_route=\/wp\/v2\/users\/2"}],"replies":[{"embeddable":true,"href":"https:\/\/esreviral.com\/index.php?rest_route=%2Fwp%2Fv2%2Fcomments&post=13380"}],"version-history":[{"count":0,"href":"https:\/\/esreviral.com\/index.php?rest_route=\/wp\/v2\/posts\/13380\/revisions"}],"wp:featuredmedia":[{"embeddable":true,"href":"https:\/\/esreviral.com\/index.php?rest_route=\/"}],"wp:attachment":[{"href":"https:\/\/esreviral.com\/index.php?rest_route=%2Fwp%2Fv2%2Fmedia&parent=13380"}],"wp:term":[{"taxonomy":"category","embeddable":true,"href":"https:\/\/esreviral.com\/index.php?rest_route=%2Fwp%2Fv2%2Fcategories&post=13380"},{"taxonomy":"post_tag","embeddable":true,"href":"https:\/\/esreviral.com\/index.php?rest_route=%2Fwp%2Fv2%2Ftags&post=13380"}],"curies":[{"name":"wp","href":"https:\/\/api.w.org\/{rel}","templated":true}]}}