{"id":13292,"date":"2022-01-05T10:09:58","date_gmt":"2022-01-05T13:09:58","guid":{"rendered":"https:\/\/esreviral.com\/?p=13292"},"modified":"2022-01-05T10:09:58","modified_gmt":"2022-01-05T13:09:58","slug":"hoy-se-celebra-la-solemne-bajada-de-la-divina-pastora","status":"publish","type":"post","link":"https:\/\/esreviral.com\/?p=13292","title":{"rendered":"Hoy se celebra la Solemne Bajada de la Divina Pastora"},"content":{"rendered":"\n<p class=\"has-drop-cap\">Este mi\u00e9rcoles 5 de enero, a las 5:00 pm, se vivir\u00e1 la celebraci\u00f3n de la Solemne Bajada de la imagen de la Divina Pastora en su Santuario, ubicado en el pueblo de Santa Rosa.<\/p>\n\n\n\n<p>La Eucarist\u00eda ser\u00e1 presidida por Monse\u00f1or Manuel Felipe D\u00edaz, Arzobispo de Calabozo, quien ha sido invitado por Monse\u00f1or V\u00edctor Hugo Basabe, Administrador Apost\u00f3lico de la Arquidi\u00f3cesis de Barquisimeto, a compartir tan especial momento.<\/p>\n\n\n\n<figure class=\"wp-block-image size-full\"><img decoding=\"async\" src=\"https:\/\/esreviral.com\/wp-content\/uploads\/2022\/01\/WhatsApp-Image-2022-01-05-at-10.06.59.jpeg\" alt=\"\" class=\"wp-image-13295\"\/><\/figure>\n\n\n\n<p>En esta ocasi\u00f3n, al igual que el a\u00f1o pasado y motivado por la situaci\u00f3n de pandemia, la celebraci\u00f3n eucar\u00edstica se realizar\u00e1 sin presencia de fieles y ser\u00e1 transmitida por el canal de YouTube Arquidi\u00f3cesis de Barquisimeto y por medios de comunicaci\u00f3n, para que de esta manera todo el pueblo devoto pueda seguir el minuto a minuto desde sus hogares.<\/p>\n\n\n\n<p>Adem\u00e1s, de manera especial este a\u00f1o, la Comisi\u00f3n Central Organizadora de la Festividad Lit\u00fargica Divina Pastora, invita a que en las distintas parroquias de la Arquidi\u00f3cesis y en los hogares, en c\u00edrculo de oraci\u00f3n familiar, se pueda vivir este bonito momento, siguiendo los pasos del breve subsidio lit\u00fargico preparado para la Celebraci\u00f3n de la Palabra en Familia, el cual se encuentra disponible en el sitio web y redes sociales de la Arquidi\u00f3cesis de Barquisimeto.<\/p>\n\n\n\n<p>La Solemne Bajada de la imagen es un acto que simboliza la cercan\u00eda de la Sant\u00edsima Madre con sus hijos y constituye el inicio de la novena de preparaci\u00f3n a la Festividad<br>Lit\u00fargica Mariana Divina Pastora 2022.<\/p>\n\n\n\n<p>\u00a1Divina Pastora, Reina y Madre de la Familia, ruega por nosotros!<\/p>\n\n\n\n<p class=\"has-text-align-right\"><strong><em>Prensa Arquidi\u00f3cesis de Barquisimeto.-<\/em><\/strong><\/p>\n","protected":false},"excerpt":{"rendered":"<p>La celebraci\u00f3n eucar\u00edstica se realizar\u00e1 sin presencia de fieles y ser\u00e1 transmitida por el canal de YouTube Arquidi\u00f3cesis de Barquisimeto<\/p>\n","protected":false},"author":2,"featured_media":13293,"comment_status":"open","ping_status":"open","sticky":false,"template":"","format":"standard","meta":{"jnews-multi-image_gallery":[],"jnews_single_post":[],"jnews_primary_category":[],"jnews_social_meta":[],"jnews_review":[],"enable_review":"","type":"","name":"","summary":"","brand":"","sku":"","good":[],"bad":[],"score_override":"","override_value":"","rating":[],"price":[],"jnews_override_counter":[],"jnews_post_split":[],"footnotes":""},"categories":[66],"tags":[353,45,56],"class_list":["post-13292","post","type-post","status-publish","format-standard","has-post-thumbnail","hentry","category-venezuela","tag-divina-pastora","tag-noticias","tag-venezuela"],"amp_enabled":true,"_links":{"self":[{"href":"https:\/\/esreviral.com\/index.php?rest_route=\/wp\/v2\/posts\/13292"}],"collection":[{"href":"https:\/\/esreviral.com\/index.php?rest_route=\/wp\/v2\/posts"}],"about":[{"href":"https:\/\/esreviral.com\/index.php?rest_route=\/wp\/v2\/types\/post"}],"author":[{"embeddable":true,"href":"https:\/\/esreviral.com\/index.php?rest_route=\/wp\/v2\/users\/2"}],"replies":[{"embeddable":true,"href":"https:\/\/esreviral.com\/index.php?rest_route=%2Fwp%2Fv2%2Fcomments&post=13292"}],"version-history":[{"count":0,"href":"https:\/\/esreviral.com\/index.php?rest_route=\/wp\/v2\/posts\/13292\/revisions"}],"wp:featuredmedia":[{"embeddable":true,"href":"https:\/\/esreviral.com\/index.php?rest_route=\/"}],"wp:attachment":[{"href":"https:\/\/esreviral.com\/index.php?rest_route=%2Fwp%2Fv2%2Fmedia&parent=13292"}],"wp:term":[{"taxonomy":"category","embeddable":true,"href":"https:\/\/esreviral.com\/index.php?rest_route=%2Fwp%2Fv2%2Fcategories&post=13292"},{"taxonomy":"post_tag","embeddable":true,"href":"https:\/\/esreviral.com\/index.php?rest_route=%2Fwp%2Fv2%2Ftags&post=13292"}],"curies":[{"name":"wp","href":"https:\/\/api.w.org\/{rel}","templated":true}]}}