{"id":13285,"date":"2022-01-04T18:24:23","date_gmt":"2022-01-04T21:24:23","guid":{"rendered":"https:\/\/esreviral.com\/?p=13285"},"modified":"2022-01-04T18:24:23","modified_gmt":"2022-01-04T21:24:23","slug":"venezolano-debuto-narrando-el-noticiero-del-canal-26-en-argentina","status":"publish","type":"post","link":"https:\/\/esreviral.com\/?p=13285","title":{"rendered":"Venezolano debut\u00f3 narrando el noticiero del Canal 26 en Argentina"},"content":{"rendered":"\n<p><strong><em>Carlos Iv\u00e1n Su\u00e1rez.- <\/em><\/strong>En las pr\u00f3ximas l\u00edneas quiz\u00e1 se pueda leer un poco de subjetividad pero que no es exageraci\u00f3n, tal vez un poco de parcialidad pero no de mentira, por el contrario, es la gran admiraci\u00f3n que se siente por los venezolanos en general pero m\u00e1s, cuando de un amigo se trata. <\/p>\n\n\n\n<p>El pasado s\u00e1bado fue <strong>el gran debut en las pantallas del Canal 26 de Argentina de Andr\u00e9s Daniel Chirinos<\/strong> pero no fue sino hasta el lunes cuando finalmente se apoder\u00f3 del espacio que le tocar\u00e1 estar al frente de 10 de la ma\u00f1ana a 12 del mediod\u00eda de lunes a viernes. <\/p>\n\n\n\n<p>Andr\u00e9s, es profesor de ingl\u00e9s, hace menos de un mes se recibi\u00f3 como locutor integral de medios audiovisuales de ISSER en Buenos Aires, donde se destac\u00f3 durante los tres a\u00f1os de carrera, no s\u00f3lo por su \u00edmpetu sino por su profesionalismo. <\/p>\n\n\n\n<p>\u00abFueron dos casting que hice y antes de graduarme ya sab\u00eda que hab\u00eda quedado. Me parec\u00eda genial que ya tendr\u00eda trabajo. Estoy muy contento y feliz por esta gran oportunidad\u00bb, confes\u00f3 a <strong><em>ES RE VIRAL<\/em><\/strong>, el joven barquisimetano.<\/p>\n\n\n\n<p>\u00c9l tiene amplia experiencia en los medios audiovisuales de su natal estado Lara, donde adem\u00e1s anim\u00f3 algunos concursos de belleza. <\/p>\n\n\n\n<p><strong>\u00abCada d\u00eda me preparo m\u00e1s.<\/strong> Leo las noticias, estoy pendiente. Cuando me toca la pausa en el noticiero voy leyendo lo que me toca por si hay alguna palabra dif\u00edcil\u00bb, explica el joven venezolano, quien goza de una buena dicci\u00f3n.<\/p>\n\n\n\n<p><strong>Para quienes lo conocemos y quiz\u00e1 somos parte de su c\u00edrculo de amigos m\u00e1s cercanos<\/strong>, Andr\u00e9s es motivo de alegr\u00eda, de buena vibra y de un inmenso orgullo, no s\u00f3lo por dejar el nombre del pa\u00eds en alto sino porque hemos sido fieles testigos del sacrificio que ha puesto durante estos a\u00f1os en Argentina para combinar su labor como profesor de ingl\u00e9s con los estudios y el modelaje. <\/p>\n\n\n\n<p>Hoy, como uno de tus grandes admiradores y de los primeros amigos en Argentina, p\u00fablicamente te aplaudo de pie, te deseo las mejores energ\u00edas, el \u00e9xito y como siempre te digo: nunca pierdas la humildad que te caracteriza. <\/p>\n\n\n\n<p>Tus amigos \u00abnervios de acero\u00bb: Eduard, Gabriela, Gaby, Aida, Iv\u00e1n y quien suscribe, estamos felices por ti, seguiremos a diario este camino y te apoyaremos en las buenas y en las no tan buenas. <\/p>\n\n\n\n<figure class=\"wp-block-image size-large\"><img decoding=\"async\" src=\"https:\/\/esreviral.com\/wp-content\/uploads\/2022\/01\/Captura-de-Pantalla-2022-01-04-a-las-18.18.03-1-820x1024.png\" alt=\"\" class=\"wp-image-13289\"\/><figcaption>Andr\u00e9s compartiendo con sus amigos Eduard, Gaby y Carlos en un d\u00eda normal<\/figcaption><\/figure>\n\n\n\n<figure class=\"wp-block-image size-full\"><img decoding=\"async\" src=\"https:\/\/esreviral.com\/wp-content\/uploads\/2022\/01\/83DC6012-98E5-47BE-B17B-6FD117BF7BEF.jpg\" alt=\"\" class=\"wp-image-13287\"\/><figcaption>Andr\u00e9s fue uno de los primeros amigos en Argentina para quien suscribe<\/figcaption><\/figure>\n","protected":false},"excerpt":{"rendered":"<p>Se le podr\u00e1 ver de lunes a viernes de 10 a 12 del mediod\u00eda<\/p>\n","protected":false},"author":2,"featured_media":13290,"comment_status":"open","ping_status":"open","sticky":false,"template":"","format":"standard","meta":{"jnews-multi-image_gallery":[],"jnews_single_post":[],"jnews_primary_category":[],"jnews_social_meta":[],"jnews_review":[],"enable_review":"","type":"","name":"","summary":"","brand":"","sku":"","good":[],"bad":[],"score_override":"","override_value":"","rating":[],"price":[],"jnews_override_counter":[],"jnews_post_split":[],"footnotes":""},"categories":[50],"tags":[1388,45,67],"class_list":["post-13285","post","type-post","status-publish","format-standard","has-post-thumbnail","hentry","category-entretenimiento","tag-andy-chirinos","tag-noticias","tag-venezolanos-en-argentina"],"amp_enabled":true,"_links":{"self":[{"href":"https:\/\/esreviral.com\/index.php?rest_route=\/wp\/v2\/posts\/13285"}],"collection":[{"href":"https:\/\/esreviral.com\/index.php?rest_route=\/wp\/v2\/posts"}],"about":[{"href":"https:\/\/esreviral.com\/index.php?rest_route=\/wp\/v2\/types\/post"}],"author":[{"embeddable":true,"href":"https:\/\/esreviral.com\/index.php?rest_route=\/wp\/v2\/users\/2"}],"replies":[{"embeddable":true,"href":"https:\/\/esreviral.com\/index.php?rest_route=%2Fwp%2Fv2%2Fcomments&post=13285"}],"version-history":[{"count":0,"href":"https:\/\/esreviral.com\/index.php?rest_route=\/wp\/v2\/posts\/13285\/revisions"}],"wp:featuredmedia":[{"embeddable":true,"href":"https:\/\/esreviral.com\/index.php?rest_route=\/"}],"wp:attachment":[{"href":"https:\/\/esreviral.com\/index.php?rest_route=%2Fwp%2Fv2%2Fmedia&parent=13285"}],"wp:term":[{"taxonomy":"category","embeddable":true,"href":"https:\/\/esreviral.com\/index.php?rest_route=%2Fwp%2Fv2%2Fcategories&post=13285"},{"taxonomy":"post_tag","embeddable":true,"href":"https:\/\/esreviral.com\/index.php?rest_route=%2Fwp%2Fv2%2Ftags&post=13285"}],"curies":[{"name":"wp","href":"https:\/\/api.w.org\/{rel}","templated":true}]}}