{"id":13278,"date":"2022-01-04T17:11:43","date_gmt":"2022-01-04T20:11:43","guid":{"rendered":"https:\/\/esreviral.com\/?p=13278"},"modified":"2022-01-04T17:11:43","modified_gmt":"2022-01-04T20:11:43","slug":"argentina-marca-nuevo-record-de-casos-de-coronavirus-confirmaron-81-210-en-las-ultimas-24-horas","status":"publish","type":"post","link":"https:\/\/esreviral.com\/?p=13278","title":{"rendered":"Argentina marca nuevo r\u00e9cord de casos de coronavirus: confirmaron 81.210 en las \u00faltimas 24 horas"},"content":{"rendered":"\n<p>La tercera ola de Covid-19 sigue con importantes picos y este martes se registr\u00f3 un nuevo r\u00e9cord absoluto de casos. El ministerio de Salud de la Naci\u00f3n inform\u00f3 que en las \u00faltimas 24 horas se reportaron\u00a0<strong>81.210 contagios<\/strong>\u00a0y se lleg\u00f3 a un total de 5.820.536 de infectados. Superaron la enfermedad 5.370.436 de personas y son considerados casos activos 332.806<strong>.<\/strong><\/p>\n\n\n\n<p>En tanto, los centros de salud de todo el pa\u00eds<strong>\u00a0registraron 49 fallecidos por coronavirus\u00a0<\/strong>y la cantidad de v\u00edctimas fatales desde que arranc\u00f3 la pandemia es de 117.294.<\/p>\n\n\n\n<p>Lee tambi\u00e9n: )<\/p>\n\n\n\n<p class=\"has-text-align-right\"><strong><em>La Naci\u00f3n.-<\/em><\/strong><\/p>\n","protected":false},"excerpt":{"rendered":"<p>La tasa de positividad contin\u00faa subiendo y fue del 52,44%. Adem\u00e1s, el ministerio de Salud report\u00f3 49 muertes. Con estas cifras, el total de infectados desde el inicio de la pandemia asciende a 5.820.536 y los fallecimientos a 117.294<\/p>\n","protected":false},"author":2,"featured_media":13281,"comment_status":"open","ping_status":"open","sticky":false,"template":"","format":"standard","meta":{"jnews-multi-image_gallery":[],"jnews_single_post":[],"jnews_primary_category":[],"jnews_social_meta":[],"jnews_review":[],"enable_review":"","type":"","name":"","summary":"","brand":"","sku":"","good":[],"bad":[],"score_override":"","override_value":"","rating":[],"price":[],"jnews_override_counter":[],"jnews_post_split":[],"footnotes":""},"categories":[76],"tags":[188,45,67],"class_list":["post-13278","post","type-post","status-publish","format-standard","has-post-thumbnail","hentry","category-coronavirus","tag-covid-19","tag-noticias","tag-venezolanos-en-argentina"],"amp_enabled":true,"_links":{"self":[{"href":"https:\/\/esreviral.com\/index.php?rest_route=\/wp\/v2\/posts\/13278"}],"collection":[{"href":"https:\/\/esreviral.com\/index.php?rest_route=\/wp\/v2\/posts"}],"about":[{"href":"https:\/\/esreviral.com\/index.php?rest_route=\/wp\/v2\/types\/post"}],"author":[{"embeddable":true,"href":"https:\/\/esreviral.com\/index.php?rest_route=\/wp\/v2\/users\/2"}],"replies":[{"embeddable":true,"href":"https:\/\/esreviral.com\/index.php?rest_route=%2Fwp%2Fv2%2Fcomments&post=13278"}],"version-history":[{"count":0,"href":"https:\/\/esreviral.com\/index.php?rest_route=\/wp\/v2\/posts\/13278\/revisions"}],"wp:featuredmedia":[{"embeddable":true,"href":"https:\/\/esreviral.com\/index.php?rest_route=\/"}],"wp:attachment":[{"href":"https:\/\/esreviral.com\/index.php?rest_route=%2Fwp%2Fv2%2Fmedia&parent=13278"}],"wp:term":[{"taxonomy":"category","embeddable":true,"href":"https:\/\/esreviral.com\/index.php?rest_route=%2Fwp%2Fv2%2Fcategories&post=13278"},{"taxonomy":"post_tag","embeddable":true,"href":"https:\/\/esreviral.com\/index.php?rest_route=%2Fwp%2Fv2%2Ftags&post=13278"}],"curies":[{"name":"wp","href":"https:\/\/api.w.org\/{rel}","templated":true}]}}