{"id":13122,"date":"2021-12-27T14:28:41","date_gmt":"2021-12-27T17:28:41","guid":{"rendered":"https:\/\/esreviral.com\/?p=13122"},"modified":"2021-12-27T14:28:41","modified_gmt":"2021-12-27T17:28:41","slug":"an-2015-aprobo-por-un-ano-mas-la-continuidad-del-gobierno-interino","status":"publish","type":"post","link":"https:\/\/esreviral.com\/?p=13122","title":{"rendered":"AN (2015) aprob\u00f3 por un a\u00f1o m\u00e1s la continuidad del Gobierno interino"},"content":{"rendered":"\n<p>En sesi\u00f3n extraordinaria realizada este lunes 27 de diciembre, la<strong>&nbsp;Asamblea Nacional&nbsp;<\/strong>electa en 2015 aprob\u00f3 la continuidad de sus funciones parlamentarias, as\u00ed como las del&nbsp;<strong>Gobierno Interino<\/strong>&nbsp;presidido por&nbsp;<strong>Juan Guaid\u00f3<\/strong>&nbsp;en el a\u00f1o 2022.<\/p>\n\n\n\n<p>Por medio de su cuenta en Twitter, el Parlamento detall\u00f3 que la decisi\u00f3n se tom\u00f3 tras la modificaci\u00f3n del Estatuto que rige la transici\u00f3n a la democracia.<\/p>\n\n\n\n<p>En este sentido, el presidente interino Juan Guaid\u00f3 indic\u00f3 que con esta medida los diputados buscan \u00abdefender la Constituci\u00f3n\u00bb.<\/p>\n\n\n\n<p>\u00abHemos asumido el riesgo porque no vamos a dejar solos a los venezolanos que han resistido una y otra vez. Gracias a los diputados que protegen y defienden a la Constituci\u00f3n\u00bb, dijo.<\/p>\n\n\n\n<p>\u00abEs momento de corregir los errores, fortalecer la unidad democr\u00e1tica, fortalecer los diputados, protegerlos de la amenaza de la dictadura. Mi deber, lo digo a todos los venezolanos, es procurar ese cambio en Venezuela\u00bb, agreg\u00f3.<\/p>\n\n\n\n<p>Guaid\u00f3 se\u00f1al\u00f3, luego del debate efectuado este lunes, que el prop\u00f3sito de este es el \u00abfortalecimiento del Parlamento y decirle a Nicol\u00e1s Maduro que fallaron en debilitar el Parlamento\u00bb.<\/p>\n\n\n\n<p class=\"has-text-align-right\"><strong><em>El Impulso.-<\/em><\/strong><\/p>\n\n\n\n<figure class=\"wp-block-embed is-type-rich is-provider-twitter wp-block-embed-twitter\"><div class=\"wp-block-embed__wrapper\">\n<blockquote class=\"twitter-tweet\" data-width=\"500\" data-dnt=\"true\"><p lang=\"es\" dir=\"ltr\"><a href=\"https:\/\/twitter.com\/hashtag\/SesionAN?src=hash&amp;ref_src=twsrc%5Etfw\">#SesionAN<\/a> | En Sesi\u00f3n Extraordinaria, la Asamblea Nacional aprueba la continuidad del parlamento y de la Presidencia (E) de Venezuela, tras modificaci\u00f3n del Estuto que rige la transici\u00f3n a la democracia en su primera discusi\u00f3n.<\/p>&mdash; Asamblea Nacional (@AsambleaVE) <a href=\"https:\/\/twitter.com\/AsambleaVE\/status\/1475484247779598341?ref_src=twsrc%5Etfw\">December 27, 2021<\/a><\/blockquote><script async src=\"https:\/\/platform.twitter.com\/widgets.js\" charset=\"utf-8\"><\/script>\n<\/div><\/figure>\n\n\n\n<figure class=\"wp-block-embed is-type-rich is-provider-twitter wp-block-embed-twitter\"><div class=\"wp-block-embed__wrapper\">\n<blockquote class=\"twitter-tweet\" data-width=\"500\" data-dnt=\"true\"><p lang=\"es\" dir=\"ltr\"><a href=\"https:\/\/twitter.com\/hashtag\/Sesi%C3%B3nAN?src=hash&amp;ref_src=twsrc%5Etfw\">#Sesi\u00f3nAN<\/a> | Pdte. (E) de Venezuela <a href=\"https:\/\/twitter.com\/jguaido?ref_src=twsrc%5Etfw\">@jguaido<\/a>: &quot;Nicol\u00e1s Maduro tiene fecha de vencimiento, desde el 2018 nos debe una elecci\u00f3n presidencial y mi deber Constitucional como Pdte. (E) es luchar por una elecci\u00f3n presidencial libre&quot;.<\/p>&mdash; Asamblea Nacional (@AsambleaVE) <a href=\"https:\/\/twitter.com\/AsambleaVE\/status\/1475485597137575944?ref_src=twsrc%5Etfw\">December 27, 2021<\/a><\/blockquote><script async src=\"https:\/\/platform.twitter.com\/widgets.js\" charset=\"utf-8\"><\/script>\n<\/div><\/figure>\n","protected":false},"excerpt":{"rendered":"<p>En sesi\u00f3n extraordinaria realizada este lunes 27 de diciembre, la&nbsp;Asamblea Nacional&nbsp;electa en 2015 aprob\u00f3 la continuidad de sus funciones parlamentarias, as\u00ed como las del&nbsp;Gobierno Interino&nbsp;presidido por&nbsp;Juan Guaid\u00f3&nbsp;en el a\u00f1o 2022. Por medio de su cuenta en Twitter, el Parlamento detall\u00f3 que la decisi\u00f3n se tom\u00f3 tras la modificaci\u00f3n del Estatuto que rige la transici\u00f3n a [&hellip;]<\/p>\n","protected":false},"author":2,"featured_media":13123,"comment_status":"open","ping_status":"open","sticky":false,"template":"","format":"standard","meta":{"jnews-multi-image_gallery":[],"jnews_single_post":[],"jnews_primary_category":[],"jnews_social_meta":[],"jnews_review":[],"enable_review":"","type":"","name":"","summary":"","brand":"","sku":"","good":[],"bad":[],"score_override":"","override_value":"","rating":[],"price":[],"jnews_override_counter":[],"jnews_post_split":[],"footnotes":""},"categories":[59,66],"tags":[154,45,431,56],"class_list":["post-13122","post","type-post","status-publish","format-standard","has-post-thumbnail","hentry","category-politica","category-venezuela","tag-guaido","tag-noticias","tag-politica-2","tag-venezuela"],"amp_enabled":true,"_links":{"self":[{"href":"https:\/\/esreviral.com\/index.php?rest_route=\/wp\/v2\/posts\/13122"}],"collection":[{"href":"https:\/\/esreviral.com\/index.php?rest_route=\/wp\/v2\/posts"}],"about":[{"href":"https:\/\/esreviral.com\/index.php?rest_route=\/wp\/v2\/types\/post"}],"author":[{"embeddable":true,"href":"https:\/\/esreviral.com\/index.php?rest_route=\/wp\/v2\/users\/2"}],"replies":[{"embeddable":true,"href":"https:\/\/esreviral.com\/index.php?rest_route=%2Fwp%2Fv2%2Fcomments&post=13122"}],"version-history":[{"count":0,"href":"https:\/\/esreviral.com\/index.php?rest_route=\/wp\/v2\/posts\/13122\/revisions"}],"wp:featuredmedia":[{"embeddable":true,"href":"https:\/\/esreviral.com\/index.php?rest_route=\/"}],"wp:attachment":[{"href":"https:\/\/esreviral.com\/index.php?rest_route=%2Fwp%2Fv2%2Fmedia&parent=13122"}],"wp:term":[{"taxonomy":"category","embeddable":true,"href":"https:\/\/esreviral.com\/index.php?rest_route=%2Fwp%2Fv2%2Fcategories&post=13122"},{"taxonomy":"post_tag","embeddable":true,"href":"https:\/\/esreviral.com\/index.php?rest_route=%2Fwp%2Fv2%2Ftags&post=13122"}],"curies":[{"name":"wp","href":"https:\/\/api.w.org\/{rel}","templated":true}]}}