{"id":13044,"date":"2021-12-19T19:53:04","date_gmt":"2021-12-19T22:53:04","guid":{"rendered":"https:\/\/esreviral.com\/?p=13044"},"modified":"2021-12-19T19:53:04","modified_gmt":"2021-12-19T22:53:04","slug":"quien-es-gabriel-boric-el-nuevo-presidente-de-chile","status":"publish","type":"post","link":"https:\/\/esreviral.com\/?p=13044","title":{"rendered":"Qui\u00e9n es Gabriel Boric, el nuevo presidente de Chile"},"content":{"rendered":"\n<p>El diputado izquierdista chileno Gabriel Boric descartaba de plano hace un poco m\u00e1s de un a\u00f1o una candidatura presidencial. Reconoc\u00eda carecer de \u201cla experiencia necesaria\u201d. Pero\u00a0<strong>este domingo\u00a0<a href=\"http:\/\/esreviral.com\/2021\/12\/19\/la-izquierda-se-impone-en-chile-y-gabriel-boric-es-elegido-como-presidente-de-chile\/\">gan\u00f3 el ballotage presidencial\u00a0<\/a>respaldado por toda la izquierda chilena.<\/strong><\/p>\n\n\n\n<p><strong>\u201cQueremos avanzar hacia un Estado de bienestar. El t\u00edtulo que le pongan no me preocupa. Si es socialdem\u00f3crata, en buena hora\u201d,\u00a0<\/strong>afirm\u00f3 Boric el martes en su \u00faltimo debate frente a su rival derechista, Jos\u00e9 Antonio Kast, al final de una campa\u00f1a centrada en pol\u00e9micas y acusaciones m\u00e1s que en los programas de los candidatos.<\/p>\n\n\n\n<p><strong>Con 35 a\u00f1os, la edad, m\u00ednima para postular a la presidencia de Chile<\/strong>, Boric dej\u00f3 atr\u00e1s los temores expresados en septiembre de 2020 y en mayo pasado se lanz\u00f3 a recoger firmas para inscribir su candidatura presidencial y competir en las primarias de\u00a0<strong>la coalici\u00f3n \u201cApruebo dignidad\u201d, que re\u00fane al Frente Amplio y al Partido Comunista.<\/strong><\/p>\n\n\n\n<p>Sorpresivamente, se impuso al candidato comunista Daniel Jadue, favorito en las encuestas, y en la primera vuelta del pasado 21 de noviembre consigui\u00f3 el segundo lugar con el 25,8% de los votos.<\/p>\n\n\n\n<p>Sin embargo, su rival Kast, as\u00ed como la militancia de derecha y parte de los democristianos, ha expresado sin cesar su temor a que Boric imponga la visi\u00f3n del Partido Comunista, uno de los partidos que conforman la coalici\u00f3n de izquierda que respalda a Boric. \u201cNo queremos que sea como Cuba o Venezuela\u201d, ha repetido Kast.<img fetchpriority=\"high\" decoding=\"async\" alt=\"Los candidatos presidenciales chilenos Gabriel Boric, de la coalici\u00f3n &quot;Apruebo Dignidad&quot;, y Jos\u00e9 Antonio Kast, del Partido Republicano, posan para una fotograf\u00eda antes del debate de cara al ballotage del 19 de diciembre (Elvis Gonzalez \/Pool via REUTERS)\" src=\"https:\/\/www.infobae.com\/new-resizer\/Dny4QwE9KumhKCNhQuy0D9gougg=\/420x280\/filters:format(webp):quality(85)\/cloudfront-us-east-1.images.arcpublishing.com\/infobae\/NAPTG4VFSXJPIMNZZYXBAEFTFU.jpg%20420w\" height=\"533\" width=\"800\" srcset=\"https:\/\/www.infobae.com\/new-resizer\/Dny4QwE9KumhKCNhQuy0D9gougg=\/420x280\/filters:format(webp):quality(85)\/cloudfront-us-east-1.images.arcpublishing.com\/infobae\/NAPTG4VFSXJPIMNZZYXBAEFTFU.jpg 420w,https:\/\/www.infobae.com\/new-resizer\/JxgtGrkqBNqq_zjT_vOF1hO2zdU=\/768x512\/filters:format(webp):quality(85)\/cloudfront-us-east-1.images.arcpublishing.com\/infobae\/NAPTG4VFSXJPIMNZZYXBAEFTFU.jpg 768w,https:\/\/www.infobae.com\/new-resizer\/bLVUnkeH8KP6QuVlazC2sqMwy8c=\/992x661\/filters:format(webp):quality(85)\/cloudfront-us-east-1.images.arcpublishing.com\/infobae\/NAPTG4VFSXJPIMNZZYXBAEFTFU.jpg 992w,https:\/\/www.infobae.com\/new-resizer\/TuB1DtaLThhc89PZMfOUzqjh3lM=\/1200x800\/filters:format(webp):quality(85)\/cloudfront-us-east-1.images.arcpublishing.com\/infobae\/NAPTG4VFSXJPIMNZZYXBAEFTFU.jpg 1200w,https:\/\/www.infobae.com\/new-resizer\/3F-6cnMqSuZQpOGMKdfRkRwiHTM=\/1440x960\/filters:format(webp):quality(85)\/cloudfront-us-east-1.images.arcpublishing.com\/infobae\/NAPTG4VFSXJPIMNZZYXBAEFTFU.jpg 1440w\">Los candidatos presidenciales chilenos Gabriel Boric, de la coalici\u00f3n \u00abApruebo Dignidad\u00bb, y Jos\u00e9 Antonio Kast, del Partido Republicano, posan para una fotograf\u00eda antes del debate de cara al ballotage del 19 de diciembre (Elvis Gonzalez \/Pool via REUTERS)<\/p>\n\n\n\n<p><strong><span style=\"background-color:#9a1b22\" class=\"td_text_highlight_marker\">Partir desde atr\u00e1s<\/span><\/strong><\/p>\n\n\n\n<p>Aunque dice que le \u201cqueda mucho por aprender\u201d,&nbsp;<strong>asegura que quiere nutrirse de la \u201cexperiencia\u201d de antiguos mandatarios a los que tanto critic\u00f3 cuando era dirigente estudiantil y diputado, entre ellos los socialistas Ricardo Lagos (2000-2006) y Michelle Bachelet (2006-2010; 2014-2018). Ambos le dieron un espaldarazo sin fisuras en las \u00faltimas semanas.<\/strong><\/p>\n\n\n\n<p>Boric no teme cambiar de rumbo. En estos casi siete meses de campa\u00f1a ha modificado su discurso de chico rebelde que lider\u00f3 las protestas estudiantiles de 2011 exigiendo \u201ceducaci\u00f3n p\u00fablica, gratuita y de calidad\u201d, al de un socialdem\u00f3crata.<\/p>\n\n\n\n<p>\u201cYo dir\u00eda que su honestidad y transparencia, su&nbsp;<strong>apertura al di\u00e1logo<\/strong>, son dos de las mayores virtudes de Gabriel, y eso en un pr\u00f3ximo presidente para Chile es crucial\u201d, resalt\u00f3 su hermano Sim\u00f3n Boric, periodista de 33 a\u00f1os en declaraciones a la&nbsp;<em>AFP.<\/em><\/p>\n\n\n\n<p>Su transformaci\u00f3n pol\u00edtica va de la mano de un cambio de apariencia.<\/p>\n\n\n\n<p><strong>Queda poco del joven barbudo y despeinado que lider\u00f3 la Federaci\u00f3n de Estudiantes de la Universidad de Chile (FECH) y que en 2014, cuando ten\u00eda 27 a\u00f1os, asumi\u00f3 un primer mandato de diputado.<\/strong>&nbsp;Hoy viste de chaqueta y camisa, con el pelo m\u00e1s corto, la barba ordenada y lentes.<\/p>\n\n\n\n<p>\u201cLo hicimos cuando luchamos por la educaci\u00f3n, y no nos cre\u00edan. Lo hicimos cuando rompimos el (antiguo sistema electoral) binominal, con la junta de firmas (para presentar su candidatura), con las primarias y no me cabe ninguna duda de que lo vamos a hacer para la segunda vuelta con unidad\u201d, dijo en su discurso tras conocerse los resultados de la primera vuelta.<img decoding=\"async\" alt=\"Foto de archivo del diputado chileno Gabriel Boric\" src=\"https:\/\/www.infobae.com\/new-resizer\/bpmzkSvymakPKT_cES3jm-GhR-w=\/420x236\/filters:format(webp):quality(85)\/arc-anglerfish-arc2-prod-infobae.s3.amazonaws.com\/public\/YNKTRISURNAMLBJ6VE2KYPE6NA%20420w\" height=\"658\" width=\"1170\" srcset=\"https:\/\/www.infobae.com\/new-resizer\/bpmzkSvymakPKT_cES3jm-GhR-w=\/420x236\/filters:format(webp):quality(85)\/arc-anglerfish-arc2-prod-infobae.s3.amazonaws.com\/public\/YNKTRISURNAMLBJ6VE2KYPE6NA 420w,https:\/\/www.infobae.com\/new-resizer\/Fn0cGIFez-Lj1-MYPZqSIl0Oo6Q=\/768x432\/filters:format(webp):quality(85)\/arc-anglerfish-arc2-prod-infobae.s3.amazonaws.com\/public\/YNKTRISURNAMLBJ6VE2KYPE6NA 768w,https:\/\/www.infobae.com\/new-resizer\/jCyC_fxdLE0vC_tUcTN7kRXEZqM=\/992x558\/filters:format(webp):quality(85)\/arc-anglerfish-arc2-prod-infobae.s3.amazonaws.com\/public\/YNKTRISURNAMLBJ6VE2KYPE6NA 992w,https:\/\/www.infobae.com\/new-resizer\/bwKcitpwtvRClN60GA_DDt21azg=\/1200x675\/filters:format(webp):quality(85)\/arc-anglerfish-arc2-prod-infobae.s3.amazonaws.com\/public\/YNKTRISURNAMLBJ6VE2KYPE6NA 1200w,https:\/\/www.infobae.com\/new-resizer\/GTdKnenyUfViNN7MKSztUNUBI1M=\/1440x810\/filters:format(webp):quality(85)\/arc-anglerfish-arc2-prod-infobae.s3.amazonaws.com\/public\/YNKTRISURNAMLBJ6VE2KYPE6NA 1440w\">Foto de archivo del diputado chileno Gabriel Boric<\/p>\n\n\n\n<p><strong><span style=\"background-color:#9a1b22\" class=\"td_text_highlight_marker\">Garantizar derechos<\/span><\/strong><\/p>\n\n\n\n<p><strong>Boric naci\u00f3 en la austral ciudad de Punta Arenas, 3.000 km al sur de Santiago, en el seno de una familia de clase media de bisabuelos croatas y catalanes. Es el mayor de tres hermanos y emigr\u00f3 a Santiago para estudiar derecho en la Universidad de Chile, pero a\u00fan no se ha titulado.<\/strong><\/p>\n\n\n\n<p>En la campa\u00f1a del ballotage pidi\u00f3 que \u201cla esperanza le gane al miedo\u201d frente a las cr\u00edticas recibidas que lo tildan de \u201cextremo\u201d por su alianza con los comunistas.<\/p>\n\n\n\n<p>Lector \u00e1vido, dice que le relaja la poes\u00eda y la historia.<\/p>\n\n\n\n<p><strong>Soltero y sin hijos, est\u00e1 en pareja hace casi tres a\u00f1os con la polit\u00f3loga Irina Karamanos.<\/strong><\/p>\n\n\n\n<p>Sus detractores le reprochan su falta de experiencia para liderar un gobierno y<strong>&nbsp;sus posturas m\u00e1s extremas del pasado, por las cuales ha pedido perd\u00f3n o ha declarado que fueron un error.<\/strong><img decoding=\"async\" alt=\"Simpatizantes de Boric agitan banderas en el cierre de campa\u00f1a en Santiago de Chile el 16 de diciembre de 2021 (REUTERS\/Rodrigo Garrido)\" src=\"https:\/\/www.infobae.com\/new-resizer\/enQgy4gXJt6k-CTKl8zJy8sDSV0=\/420x280\/filters:format(webp):quality(85)\/cloudfront-us-east-1.images.arcpublishing.com\/infobae\/OBXALKWL7P4ZRKZYRKHKLEFU3Q.jpg%20420w\" height=\"2917\" width=\"4376\" srcset=\"https:\/\/www.infobae.com\/new-resizer\/enQgy4gXJt6k-CTKl8zJy8sDSV0=\/420x280\/filters:format(webp):quality(85)\/cloudfront-us-east-1.images.arcpublishing.com\/infobae\/OBXALKWL7P4ZRKZYRKHKLEFU3Q.jpg 420w,https:\/\/www.infobae.com\/new-resizer\/h3IxjZDnfph84SlKocBTLegYQI0=\/768x512\/filters:format(webp):quality(85)\/cloudfront-us-east-1.images.arcpublishing.com\/infobae\/OBXALKWL7P4ZRKZYRKHKLEFU3Q.jpg 768w,https:\/\/www.infobae.com\/new-resizer\/EyIXpyYy2CmCXKDKOdXJ1FKeT5Q=\/992x661\/filters:format(webp):quality(85)\/cloudfront-us-east-1.images.arcpublishing.com\/infobae\/OBXALKWL7P4ZRKZYRKHKLEFU3Q.jpg 992w,https:\/\/www.infobae.com\/new-resizer\/9d-vwOlEw_KrPqxKnU9a7hB6mJ4=\/1200x800\/filters:format(webp):quality(85)\/cloudfront-us-east-1.images.arcpublishing.com\/infobae\/OBXALKWL7P4ZRKZYRKHKLEFU3Q.jpg 1200w,https:\/\/www.infobae.com\/new-resizer\/BEFB7hqQEUeUR9pi_PohCt4rz3Q=\/1440x960\/filters:format(webp):quality(85)\/cloudfront-us-east-1.images.arcpublishing.com\/infobae\/OBXALKWL7P4ZRKZYRKHKLEFU3Q.jpg 1440w\">Simpatizantes de Boric agitan banderas en el cierre de campa\u00f1a en Santiago de Chile el 16 de diciembre de 2021 (REUTERS\/Rodrigo Garrido)<\/p>\n\n\n\n<p>\u201cNuestra generaci\u00f3n irrumpe en pol\u00edtica el 2011 despercudi\u00e9ndose un poco de los miedos que hab\u00eda generado la dictadura y los pactos de la transici\u00f3n\u201d, dijo en una entrevista con&nbsp;<em>AFP<\/em>&nbsp;antes de la primera vuelta.<\/p>\n\n\n\n<p>Aludi\u00f3 as\u00ed a la Concertaci\u00f3n, coalici\u00f3n de centro-izquierda que desde 1990 gobern\u00f3 buena parte de los 31 a\u00f1os de democracia, y que hoy yace desintegrada y desprestigiada como reflejo de la gran crisis de confianza institucional, pero que en segunda vuelta se cuadr\u00f3 detr\u00e1s de su figura.<\/p>\n\n\n\n<p><strong>Si llega a ser presidente quiere \u201casegurar un estado de bienestar para que todos tengan los mismos derechos, sin importar cu\u00e1nta plata tienen en la billetera\u201d.<\/strong><\/p>\n\n\n\n<p><strong>\u201cSi Chile fue la cuna del neoliberalismo en Latinoam\u00e9rica, tambi\u00e9n ser\u00e1 su tumba\u201d,<\/strong>&nbsp;expres\u00f3 en su proclamaci\u00f3n como candidato.<\/p>\n","protected":false},"excerpt":{"rendered":"<p>Soltero y sin hijos, est\u00e1 en pareja hace casi tres a\u00f1os con la polit\u00f3loga Irina Karamanos<\/p>\n","protected":false},"author":2,"featured_media":13045,"comment_status":"open","ping_status":"open","sticky":false,"template":"","format":"standard","meta":{"jnews-multi-image_gallery":[],"jnews_single_post":[],"jnews_primary_category":[],"jnews_social_meta":[],"jnews_review":[],"enable_review":"","type":"","name":"","summary":"","brand":"","sku":"","good":[],"bad":[],"score_override":"","override_value":"","rating":[],"price":[],"jnews_override_counter":[],"jnews_post_split":[],"footnotes":""},"categories":[88,59],"tags":[1370,1371,45,739],"class_list":["post-13044","post","type-post","status-publish","format-standard","has-post-thumbnail","hentry","category-internacionales","category-politica","tag-elecciones-chile","tag-gabriel-boric","tag-noticias","tag-venezolanos-en-chile"],"amp_enabled":true,"_links":{"self":[{"href":"https:\/\/esreviral.com\/index.php?rest_route=\/wp\/v2\/posts\/13044"}],"collection":[{"href":"https:\/\/esreviral.com\/index.php?rest_route=\/wp\/v2\/posts"}],"about":[{"href":"https:\/\/esreviral.com\/index.php?rest_route=\/wp\/v2\/types\/post"}],"author":[{"embeddable":true,"href":"https:\/\/esreviral.com\/index.php?rest_route=\/wp\/v2\/users\/2"}],"replies":[{"embeddable":true,"href":"https:\/\/esreviral.com\/index.php?rest_route=%2Fwp%2Fv2%2Fcomments&post=13044"}],"version-history":[{"count":0,"href":"https:\/\/esreviral.com\/index.php?rest_route=\/wp\/v2\/posts\/13044\/revisions"}],"wp:featuredmedia":[{"embeddable":true,"href":"https:\/\/esreviral.com\/index.php?rest_route=\/"}],"wp:attachment":[{"href":"https:\/\/esreviral.com\/index.php?rest_route=%2Fwp%2Fv2%2Fmedia&parent=13044"}],"wp:term":[{"taxonomy":"category","embeddable":true,"href":"https:\/\/esreviral.com\/index.php?rest_route=%2Fwp%2Fv2%2Fcategories&post=13044"},{"taxonomy":"post_tag","embeddable":true,"href":"https:\/\/esreviral.com\/index.php?rest_route=%2Fwp%2Fv2%2Ftags&post=13044"}],"curies":[{"name":"wp","href":"https:\/\/api.w.org\/{rel}","templated":true}]}}