{"id":13039,"date":"2021-12-19T19:36:51","date_gmt":"2021-12-19T22:36:51","guid":{"rendered":"https:\/\/esreviral.com\/?p=13039"},"modified":"2021-12-19T19:36:51","modified_gmt":"2021-12-19T22:36:51","slug":"la-izquierda-se-impone-en-chile-y-gabriel-boric-es-elegido-como-presidente-de-chile","status":"publish","type":"post","link":"https:\/\/esreviral.com\/?p=13039","title":{"rendered":"La izquierda se impone en Chile y Gabriel Boric es elegido como Presidente de Chile"},"content":{"rendered":"\n<p>A tan s\u00f3lo una hora de haber cerrado las mesas electorales en Chile, con el 83 % de los votos escrutados, fue escogido como nuevo presidente de Chile, el izquierdista, Gabriel Boric, con el 52,5 %, \u00abgan\u00f3 Chile\u00bb, asegur\u00f3 el joven pol\u00edtico de 35 a\u00f1os de edad y se convierte as\u00ed en el mandatario m\u00e1s joven de la historia del pa\u00eds. <\/p>\n\n\n\n<p>El candidato de derecha Jos\u00e9 Antonio Kast, quien result\u00f3 ganador en la primera vuelta electoral en Chile,\u00a0<strong>felicit\u00f3 a su adversario Gabriel Boric por su triunfo en la segunda vuelta.<\/strong><\/p>\n\n\n\n<figure class=\"wp-block-embed is-type-rich is-provider-twitter wp-block-embed-twitter\"><div class=\"wp-block-embed__wrapper\">\n<blockquote class=\"twitter-tweet\" data-width=\"500\" data-dnt=\"true\"><p lang=\"es\" dir=\"ltr\">Acabo de hablar con <a href=\"https:\/\/twitter.com\/GabrielBoric?ref_src=twsrc%5Etfw\">@gabrielboric<\/a> y lo he felicitado por su gran triunfo. Desde hoy es el Presidente electo de Chile y merece todo nuestro respeto y colaboraci\u00f3n constructiva. Chile siempre est\u00e1 primero \ud83c\udde8\ud83c\uddf1\u270c\ufe0f <a href=\"https:\/\/t.co\/AvpBKs0GFT\">pic.twitter.com\/AvpBKs0GFT<\/a><\/p>&mdash; Jos\u00e9 Antonio Kast Rist \ud83d\udc4d\ud83c\udde8\ud83c\uddf1 (@joseantoniokast) <a href=\"https:\/\/twitter.com\/joseantoniokast\/status\/1472692985598910467?ref_src=twsrc%5Etfw\">December 19, 2021<\/a><\/blockquote><script async src=\"https:\/\/platform.twitter.com\/widgets.js\" charset=\"utf-8\"><\/script>\n<\/div><\/figure>\n\n\n\n<p>Desde Venezuela, Henrique Capriles Radonski fue el primero de los l\u00edderes nacionales en pronunciarse y felicitar al nuevo presidente. \u00bb <\/p>\n\n\n\n<p>Deseamos a <a href=\"https:\/\/twitter.com\/gabrielboric\">@gabrielboric<\/a> el mayor de los \u00e9xitos en beneficio de Chile y su gente, pa\u00eds que hoy es la casa de miles de venezolanos. \u00a1Viva Chile!\u00bb, escribi\u00f3 en twitter. <\/p>\n\n\n\n<figure class=\"wp-block-embed is-type-rich is-provider-twitter wp-block-embed-twitter\"><div class=\"wp-block-embed__wrapper\">\n<blockquote class=\"twitter-tweet\" data-width=\"500\" data-dnt=\"true\"><p lang=\"es\" dir=\"ltr\">Felicitaciones desde nuestra Venezuela al pueblo chileno por su jornada democr\u00e1tica del d\u00eda de hoy para elegir a su nuevo Presidente. Deseamos a <a href=\"https:\/\/twitter.com\/GabrielBoric?ref_src=twsrc%5Etfw\">@gabrielboric<\/a> el mayor de los \u00e9xitos en beneficio de Chile y su gente, pa\u00eds que hoy es la casa de miles de venezolanos. \u00a1Viva Chile!<\/p>&mdash; Henrique Capriles R. (@hcapriles) <a href=\"https:\/\/twitter.com\/hcapriles\/status\/1472696269009260545?ref_src=twsrc%5Etfw\">December 19, 2021<\/a><\/blockquote><script async src=\"https:\/\/platform.twitter.com\/widgets.js\" charset=\"utf-8\"><\/script>\n<\/div><\/figure>\n","protected":false},"excerpt":{"rendered":"<p>Con m\u00e1s del 52 % obtuvo el premio y su contrincante lo llam\u00f3, aceptando la derrota<\/p>\n","protected":false},"author":2,"featured_media":13040,"comment_status":"open","ping_status":"open","sticky":false,"template":"","format":"standard","meta":{"jnews-multi-image_gallery":[],"jnews_single_post":[],"jnews_primary_category":[],"jnews_social_meta":[],"jnews_review":[],"enable_review":"","type":"","name":"","summary":"","brand":"","sku":"","good":[],"bad":[],"score_override":"","override_value":"","rating":[],"price":[],"jnews_override_counter":[],"jnews_post_split":[],"footnotes":""},"categories":[88,59],"tags":[1370,45,739],"class_list":["post-13039","post","type-post","status-publish","format-standard","has-post-thumbnail","hentry","category-internacionales","category-politica","tag-elecciones-chile","tag-noticias","tag-venezolanos-en-chile"],"amp_enabled":true,"_links":{"self":[{"href":"https:\/\/esreviral.com\/index.php?rest_route=\/wp\/v2\/posts\/13039"}],"collection":[{"href":"https:\/\/esreviral.com\/index.php?rest_route=\/wp\/v2\/posts"}],"about":[{"href":"https:\/\/esreviral.com\/index.php?rest_route=\/wp\/v2\/types\/post"}],"author":[{"embeddable":true,"href":"https:\/\/esreviral.com\/index.php?rest_route=\/wp\/v2\/users\/2"}],"replies":[{"embeddable":true,"href":"https:\/\/esreviral.com\/index.php?rest_route=%2Fwp%2Fv2%2Fcomments&post=13039"}],"version-history":[{"count":0,"href":"https:\/\/esreviral.com\/index.php?rest_route=\/wp\/v2\/posts\/13039\/revisions"}],"wp:featuredmedia":[{"embeddable":true,"href":"https:\/\/esreviral.com\/index.php?rest_route=\/"}],"wp:attachment":[{"href":"https:\/\/esreviral.com\/index.php?rest_route=%2Fwp%2Fv2%2Fmedia&parent=13039"}],"wp:term":[{"taxonomy":"category","embeddable":true,"href":"https:\/\/esreviral.com\/index.php?rest_route=%2Fwp%2Fv2%2Fcategories&post=13039"},{"taxonomy":"post_tag","embeddable":true,"href":"https:\/\/esreviral.com\/index.php?rest_route=%2Fwp%2Fv2%2Ftags&post=13039"}],"curies":[{"name":"wp","href":"https:\/\/api.w.org\/{rel}","templated":true}]}}