{"id":13032,"date":"2021-12-19T17:25:41","date_gmt":"2021-12-19T20:25:41","guid":{"rendered":"https:\/\/esreviral.com\/?p=13032"},"modified":"2021-12-19T17:25:41","modified_gmt":"2021-12-19T20:25:41","slug":"fallecio-por-coronavirus-carlos-marin-integrante-del-il-divo","status":"publish","type":"post","link":"https:\/\/esreviral.com\/?p=13032","title":{"rendered":"Falleci\u00f3 por coronavirus Carlos Mar\u00edn, integrante del Il Divo"},"content":{"rendered":"\n<p><strong>El cantante espa\u00f1ol Carlos Mar\u00edn, cantante del grupo Il Divo, ha muerto este domingo, 19 de diciembre<\/strong>, en Reino Unido tal y como han confirmado desde el perfil de Twitter del grupo l\u00edrico. \u00abCon gran pesar les hacemos saber que nuestro amigos Carlos ha fallecido. Sus amigos, familiares y fans lo extra\u00f1ar\u00e1n. Nunca habr\u00e1 otra voz y esp\u00edritu igual\u00bb.<\/p>\n\n\n\n<p><strong>El artista era ingresado el pasado 8 de diciembre en estado grave<\/strong>\u00a0en el Hospital Manchester Royal despu\u00e9s de llevar varios d\u00edas encontr\u00e1ndose mal. Las \u00faltimas informaciones apuntaban a que el popular bar\u00edtono de 53 a\u00f1os s<strong>e habr\u00eda contagiado de coronavirus<\/strong>\u00a0a pesar de estar vacunado con anterioridad.<\/p>\n\n\n\n<p>Hasta hace solo unos d\u00edas, Carlos Mar\u00edn segu\u00eda con su actividad habitual en redes sociales. El artista anunci\u00f3 las pr\u00f3ximas fechas de la gira de su grupo previstos, conciertos que fueron cancelados de inmediato.<\/p>\n","protected":false},"excerpt":{"rendered":"<p>El cantante espa\u00f1ol Carlos Mar\u00edn, cantante del grupo Il Divo, ha muerto este domingo, 19 de diciembre, en Reino Unido tal y como han confirmado desde el perfil de Twitter del grupo l\u00edrico. \u00abCon gran pesar les hacemos saber que nuestro amigos Carlos ha fallecido. Sus amigos, familiares y fans lo extra\u00f1ar\u00e1n. Nunca habr\u00e1 otra [&hellip;]<\/p>\n","protected":false},"author":2,"featured_media":13033,"comment_status":"open","ping_status":"open","sticky":false,"template":"","format":"standard","meta":{"jnews-multi-image_gallery":[],"jnews_single_post":[],"jnews_primary_category":[],"jnews_social_meta":[],"jnews_review":[],"enable_review":"","type":"","name":"","summary":"","brand":"","sku":"","good":[],"bad":[],"score_override":"","override_value":"","rating":[],"price":[],"jnews_override_counter":[],"jnews_post_split":[],"footnotes":""},"categories":[1142],"tags":[1368,1369,45],"class_list":["post-13032","post","type-post","status-publish","format-standard","has-post-thumbnail","hentry","category-musica","tag-carlos-marin","tag-il-divo","tag-noticias"],"amp_enabled":true,"_links":{"self":[{"href":"https:\/\/esreviral.com\/index.php?rest_route=\/wp\/v2\/posts\/13032"}],"collection":[{"href":"https:\/\/esreviral.com\/index.php?rest_route=\/wp\/v2\/posts"}],"about":[{"href":"https:\/\/esreviral.com\/index.php?rest_route=\/wp\/v2\/types\/post"}],"author":[{"embeddable":true,"href":"https:\/\/esreviral.com\/index.php?rest_route=\/wp\/v2\/users\/2"}],"replies":[{"embeddable":true,"href":"https:\/\/esreviral.com\/index.php?rest_route=%2Fwp%2Fv2%2Fcomments&post=13032"}],"version-history":[{"count":0,"href":"https:\/\/esreviral.com\/index.php?rest_route=\/wp\/v2\/posts\/13032\/revisions"}],"wp:featuredmedia":[{"embeddable":true,"href":"https:\/\/esreviral.com\/index.php?rest_route=\/"}],"wp:attachment":[{"href":"https:\/\/esreviral.com\/index.php?rest_route=%2Fwp%2Fv2%2Fmedia&parent=13032"}],"wp:term":[{"taxonomy":"category","embeddable":true,"href":"https:\/\/esreviral.com\/index.php?rest_route=%2Fwp%2Fv2%2Fcategories&post=13032"},{"taxonomy":"post_tag","embeddable":true,"href":"https:\/\/esreviral.com\/index.php?rest_route=%2Fwp%2Fv2%2Ftags&post=13032"}],"curies":[{"name":"wp","href":"https:\/\/api.w.org\/{rel}","templated":true}]}}