{"id":13024,"date":"2021-12-19T13:02:53","date_gmt":"2021-12-19T16:02:53","guid":{"rendered":"https:\/\/esreviral.com\/?p=13024"},"modified":"2021-12-19T13:02:53","modified_gmt":"2021-12-19T16:02:53","slug":"chile-acude-a-las-urnas-para-escoger-al-presidente-de-los-proximos-cuatro-anos","status":"publish","type":"post","link":"https:\/\/esreviral.com\/?p=13024","title":{"rendered":"Chile acude a las urnas para escoger al Presidente de los pr\u00f3ximos cuatro a\u00f1os"},"content":{"rendered":"\n<p><strong>El joven Boric, de 35 a\u00f1os, reconoci\u00f3 que est\u00e1 con \u201cla voz gastada, pero el coraz\u00f3n est\u00e1 lleno y la esperanza intacta\u201d y llam\u00f3 a los chilenos a votar.<\/strong><\/p>\n\n\n\n<p>\u201cDe ustedes depende que Chile cambie\u201d, dijo en Punta Arenas, 2.200 kil\u00f3metros al sur de Santiago, el candidato de la alianza Apruebo Dignidad.<\/p>\n\n\n\n<p>Durante su conferencia fue varias veces interrumpido por simpatizantes que gritaban: \u00a1Se siente, se siente, Boric presidente!\u201d.<\/p>\n\n\n\n<p><strong>Boric vot\u00f3 luego de reunirse con la prensa regional,&nbsp;<\/strong>en un claro mensaje de descentralizaci\u00f3n, que ha sido uno de los ejes de su campa\u00f1a.<\/p>\n\n\n\n<p>En la primera vuelta del 21 de noviembre Boric obtuvo el 30,6% de los votos en la regi\u00f3n de Magallanes, y Kast el 27,93%.<\/p>\n\n\n\n<figure class=\"wp-block-image size-large\"><img decoding=\"async\" src=\"https:\/\/www.telam.com.ar\/thumbs\/bluesteel\/advf\/imagenes\/2021\/12\/61bf3f5c9ab35_900.jpg\" alt=\"\"\/><figcaption>De ser electo Boric, ser\u00eda el Presidente m\u00e1s joven de la historia de Chile. Es de izquierda y recibi\u00f3 el apoyo de Bachelet<\/figcaption><\/figure>\n\n\n\n<p><strong><span style=\"background-color:#9a1b22\" class=\"td_text_highlight_marker\">Kast vot\u00f3 en una escuela al sur de Santiago<\/span><\/strong><\/p>\n\n\n\n<p>El candidato de ultraderecha a la Presidencia de Chile,&nbsp;<strong>Jos\u00e9 Antonio Kast<\/strong>, vot\u00f3 en medio de enfervorizados adherentes y detractores en una escuela al sur de Santiago y dijo que se sentir\u00eda honrado de poder ser el pr\u00f3ximo mandatario.<\/p>\n\n\n\n<p>\u00abSer\u00eda un gran honor dirigir el destino de la naci\u00f3n\u00bb, dijo Kast a periodistas en las puertas del colegio de la localidad de Paine, unos 50 kil\u00f3metros al sur de Santiago, donde emiti\u00f3 su voto para el balotaje que lo enfrenta con el candidato de izquierda&nbsp;<strong>Gabriel Boric<\/strong>.<\/p>\n\n\n\n<p>\u00abHay leg\u00edtimas diferencias, pero tenemos que trabajar por el di\u00e1logo y el reencuentro. Eso se hace a trav\u00e9s de la justicia y el orden\u00bb, agreg\u00f3, en relaci\u00f3n a la alta polarizaci\u00f3n electoral, considerada la mayor desde la vuelta a la democracia, en 1990.<\/p>\n\n\n\n<p>El\u00a0<strong>candidato pinochetista del Partido Republicano descendi\u00f3 euf\u00f3rico de un camioneta escoltada por dos autom\u00f3viles<\/strong>, y salud\u00f3 afectuosamente a algunos de sus simpatizantes antes de ingresar al local de votaci\u00f3n.<\/p>\n\n\n\n<p class=\"has-text-align-right\"><strong><em>Telam.-<\/em><\/strong><\/p>\n\n\n\n<figure class=\"wp-block-image size-large\"><img decoding=\"async\" src=\"https:\/\/www.telam.com.ar\/thumbs\/bluesteel\/advf\/imagenes\/2021\/12\/61bf4015234ed_900.jpg\" alt=\"\"\/><figcaption><meta charset=\"utf-8\"><strong>Jos\u00e9 Antonio Kast<\/strong>, es de la derecha chilena<\/figcaption><\/figure>\n","protected":false},"excerpt":{"rendered":"<p>El joven Boric, de 35 a\u00f1os, reconoci\u00f3 que est\u00e1 con \u201cla voz gastada, pero el coraz\u00f3n est\u00e1 lleno y la esperanza intacta\u201d y llam\u00f3 a los chilenos a votar. \u201cDe ustedes depende que Chile cambie\u201d, dijo en Punta Arenas, 2.200 kil\u00f3metros al sur de Santiago, el candidato de la alianza Apruebo Dignidad. Durante su conferencia [&hellip;]<\/p>\n","protected":false},"author":2,"featured_media":13025,"comment_status":"open","ping_status":"open","sticky":false,"template":"","format":"standard","meta":{"jnews-multi-image_gallery":[],"jnews_single_post":[],"jnews_primary_category":[],"jnews_social_meta":[],"jnews_review":[],"enable_review":"","type":"","name":"","summary":"","brand":"","sku":"","good":[],"bad":[],"score_override":"","override_value":"","rating":[],"price":[],"jnews_override_counter":[],"jnews_post_split":[],"footnotes":""},"categories":[88],"tags":[386,110,45,739],"class_list":["post-13024","post","type-post","status-publish","format-standard","has-post-thumbnail","hentry","category-internacionales","tag-chile","tag-elecciones","tag-noticias","tag-venezolanos-en-chile"],"amp_enabled":true,"_links":{"self":[{"href":"https:\/\/esreviral.com\/index.php?rest_route=\/wp\/v2\/posts\/13024"}],"collection":[{"href":"https:\/\/esreviral.com\/index.php?rest_route=\/wp\/v2\/posts"}],"about":[{"href":"https:\/\/esreviral.com\/index.php?rest_route=\/wp\/v2\/types\/post"}],"author":[{"embeddable":true,"href":"https:\/\/esreviral.com\/index.php?rest_route=\/wp\/v2\/users\/2"}],"replies":[{"embeddable":true,"href":"https:\/\/esreviral.com\/index.php?rest_route=%2Fwp%2Fv2%2Fcomments&post=13024"}],"version-history":[{"count":0,"href":"https:\/\/esreviral.com\/index.php?rest_route=\/wp\/v2\/posts\/13024\/revisions"}],"wp:featuredmedia":[{"embeddable":true,"href":"https:\/\/esreviral.com\/index.php?rest_route=\/"}],"wp:attachment":[{"href":"https:\/\/esreviral.com\/index.php?rest_route=%2Fwp%2Fv2%2Fmedia&parent=13024"}],"wp:term":[{"taxonomy":"category","embeddable":true,"href":"https:\/\/esreviral.com\/index.php?rest_route=%2Fwp%2Fv2%2Fcategories&post=13024"},{"taxonomy":"post_tag","embeddable":true,"href":"https:\/\/esreviral.com\/index.php?rest_route=%2Fwp%2Fv2%2Ftags&post=13024"}],"curies":[{"name":"wp","href":"https:\/\/api.w.org\/{rel}","templated":true}]}}