{"id":13018,"date":"2021-12-19T12:26:57","date_gmt":"2021-12-19T15:26:57","guid":{"rendered":"https:\/\/esreviral.com\/?p=13018"},"modified":"2021-12-19T12:26:57","modified_gmt":"2021-12-19T15:26:57","slug":"mira-el-video-de-la-detencion-de-cuatro-sujetos-que-robaban-bicicletas-en-garages","status":"publish","type":"post","link":"https:\/\/esreviral.com\/?p=13018","title":{"rendered":"Mira el video de la detenci\u00f3n de cuatro sujetos que robaban bicicletas en garages"},"content":{"rendered":"\n<p>A partir de un llamado al 911, el Centro de Monitoreo Urbano (CMU) de la Polic\u00eda de la Ciudad inici\u00f3 el seguimiento, a trav\u00e9s de las c\u00e1maras, de un grupo de aproximadamente cinco personas, quienes seg\u00fan la denuncia hab\u00edan entrado a dos garajes y robado dos bicicletas.<\/p>\n\n\n\n<p>A continuaci\u00f3n fueron desplazados m\u00f3viles de la Comisar\u00eda Vecinal 6B de la Polic\u00eda de la Ciudad, y tras un breve rastrillaje, en avenida Directorio y Doblas dieron con cuatro sospechosos, uno de 18 a\u00f1os, dos de 17 y el restante de 16, que ten\u00edan en su poder una de las bicicletas robadas.<\/p>\n\n\n\n<p>Tras consulta, el Juzgado de Menores N\u00ba 1, a cargo del Dr. Cristian Von Leers, dispuso la detenci\u00f3n de los cuatro y el traslado de los menores al Instituto Inchausti, en tanto que el mayor fue llevado a la comisar\u00eda correspondiente.<\/p>\n\n\n\n<p class=\"has-text-align-right\"><strong><em>Prensa Polic\u00eda de la Ciudad.-<\/em><\/strong><\/p>\n\n\n\n<figure class=\"wp-block-embed is-type-video is-provider-youtube wp-block-embed-youtube wp-embed-aspect-16-9 wp-has-aspect-ratio\"><div class=\"wp-block-embed__wrapper\">\n<div class=\"jeg_video_container jeg_video_content\"><iframe title=\"2021 12 13 Roba bicicletas detenidos en Parque Chacabuco\" width=\"500\" height=\"281\" src=\"https:\/\/www.youtube.com\/embed\/lNlTkBwUpKg?feature=oembed\" frameborder=\"0\" allow=\"accelerometer; autoplay; clipboard-write; encrypted-media; gyroscope; picture-in-picture; web-share\" referrerpolicy=\"strict-origin-when-cross-origin\" allowfullscreen><\/iframe><\/div>\n<\/div><\/figure>\n","protected":false},"excerpt":{"rendered":"<p>La Polic\u00eda de la Ciudad detuvo en Parque Chacabuco a cuatro ladrones, tres de ellos menores,  por el robo de bicicletas en dos  garajes en Boedo<\/p>\n","protected":false},"author":2,"featured_media":13019,"comment_status":"open","ping_status":"open","sticky":false,"template":"","format":"standard","meta":{"jnews-multi-image_gallery":[],"jnews_single_post":[],"jnews_primary_category":[],"jnews_social_meta":[],"jnews_review":[],"enable_review":"","type":"","name":"","summary":"","brand":"","sku":"","good":[],"bad":[],"score_override":"","override_value":"","rating":[],"price":[],"jnews_override_counter":[],"jnews_post_split":[],"footnotes":""},"categories":[64],"tags":[393,45,65],"class_list":["post-13018","post","type-post","status-publish","format-standard","has-post-thumbnail","hentry","category-sucesos","tag-detencion","tag-noticias","tag-sucesos"],"amp_enabled":true,"_links":{"self":[{"href":"https:\/\/esreviral.com\/index.php?rest_route=\/wp\/v2\/posts\/13018"}],"collection":[{"href":"https:\/\/esreviral.com\/index.php?rest_route=\/wp\/v2\/posts"}],"about":[{"href":"https:\/\/esreviral.com\/index.php?rest_route=\/wp\/v2\/types\/post"}],"author":[{"embeddable":true,"href":"https:\/\/esreviral.com\/index.php?rest_route=\/wp\/v2\/users\/2"}],"replies":[{"embeddable":true,"href":"https:\/\/esreviral.com\/index.php?rest_route=%2Fwp%2Fv2%2Fcomments&post=13018"}],"version-history":[{"count":0,"href":"https:\/\/esreviral.com\/index.php?rest_route=\/wp\/v2\/posts\/13018\/revisions"}],"wp:featuredmedia":[{"embeddable":true,"href":"https:\/\/esreviral.com\/index.php?rest_route=\/"}],"wp:attachment":[{"href":"https:\/\/esreviral.com\/index.php?rest_route=%2Fwp%2Fv2%2Fmedia&parent=13018"}],"wp:term":[{"taxonomy":"category","embeddable":true,"href":"https:\/\/esreviral.com\/index.php?rest_route=%2Fwp%2Fv2%2Fcategories&post=13018"},{"taxonomy":"post_tag","embeddable":true,"href":"https:\/\/esreviral.com\/index.php?rest_route=%2Fwp%2Fv2%2Ftags&post=13018"}],"curies":[{"name":"wp","href":"https:\/\/api.w.org\/{rel}","templated":true}]}}