{"id":13014,"date":"2021-12-19T12:22:15","date_gmt":"2021-12-19T15:22:15","guid":{"rendered":"https:\/\/esreviral.com\/?p=13014"},"modified":"2021-12-19T12:22:15","modified_gmt":"2021-12-19T15:22:15","slug":"conviasa-atraso-los-vuelos-que-estaban-previstos-para-argentina","status":"publish","type":"post","link":"https:\/\/esreviral.com\/?p=13014","title":{"rendered":"Conviasa atras\u00f3 los vuelos que estaban previstos para Argentina"},"content":{"rendered":"\n<p><strong><em>CIS.-<\/em><\/strong> A trav\u00e9s de un correo electr\u00f3nico, la empresa Conviasa inform\u00f3 a los pasajeros que hab\u00edan comprado boleto de Maiquet\u00eda a Ezeiza para el d\u00eda 20 de diciembre y Ezeiza &#8211; Maiquet\u00eda para el 21 de diciembre que sus vuelos fueron retrasados y que quedar\u00edan el primero para el 21 y el segundo para el 22 aunque a\u00fan no se hab\u00eda confirmado. <\/p>\n\n\n\n<figure class=\"wp-block-image size-full\"><img decoding=\"async\" src=\"https:\/\/esreviral.com\/wp-content\/uploads\/2021\/12\/Captura-de-Pantalla-2021-12-19-a-las-12.17.17.png\" alt=\"\" class=\"wp-image-13015\"\/><figcaption>El correo fue emitido el s\u00e1bado por la tarde<\/figcaption><\/figure>\n\n\n\n<p><strong><span style=\"background-color:#9a1b22\" class=\"td_text_highlight_marker\">2022 iniciar\u00e1 con vuelos restringidos<\/span><\/strong><\/p>\n\n\n\n<p>Este s\u00e1bado el Instituto Nacional de Aeron\u00e1utica Civil emiti\u00f3 un comunicado en el que informaban una nueva suspensi\u00f3n por 30 d\u00edas m\u00e1s de vuelos privados y comerciales hacia Venezuela en 2022, con excepci\u00f3n de los pa\u00edses ya autorizados.<\/p>\n\n\n\n<figure class=\"wp-block-embed is-type-rich is-provider-twitter wp-block-embed-twitter\"><div class=\"wp-block-embed__wrapper\">\n<blockquote class=\"twitter-tweet\" data-width=\"500\" data-dnt=\"true\"><p lang=\"es\" dir=\"ltr\"><a href=\"https:\/\/twitter.com\/hashtag\/Comunicado?src=hash&amp;ref_src=twsrc%5Etfw\">#Comunicado<\/a> || El <a href=\"https:\/\/twitter.com\/hashtag\/INAC?src=hash&amp;ref_src=twsrc%5Etfw\">#INAC<\/a>, cumpliendo con los lineamientos del Ejecutivo Nacional, informa medidas para el sector a\u00e9reo nacional de acuerdo a lo establecido en los NOTAM N\u00b0 C1313\/21 y A0523\/21. <a href=\"https:\/\/t.co\/MYovx7fer5\">pic.twitter.com\/MYovx7fer5<\/a><\/p>&mdash; Instituto Nacional de Aeron\u00e1utica Civil (INAC) (@InacVzla) <a href=\"https:\/\/twitter.com\/InacVzla\/status\/1472405149771575298?ref_src=twsrc%5Etfw\">December 19, 2021<\/a><\/blockquote><script async src=\"https:\/\/platform.twitter.com\/widgets.js\" charset=\"utf-8\"><\/script>\n<\/div><\/figure>\n\n\n\n<p>Por otro lado, indicaron que solo seguir\u00e1n abiertas las operaciones desde y hacia siete pa\u00edses: Bolivia, Turqu\u00eda, M\u00e9xico, Rep\u00fablica Dominicana, Rusia, Panam\u00e1 y Cuba.<\/p>\n\n\n\n<p>Este \u00faltimo destino fue agregado recientemente a la lista de vuelos internacionales, seg\u00fan inform\u00f3 el abogado aeron\u00e1utico Rodolfo Ruiz. \u201cYa Conviasa anunci\u00f3 formalmente el inicio de \u201cfrecuencias\u201d a este destino a partir de dicha fecha\u201d, escribi\u00f3 en su cuenta de Twitter.<\/p>\n","protected":false},"excerpt":{"rendered":"<p>CIS.- A trav\u00e9s de un correo electr\u00f3nico, la empresa Conviasa inform\u00f3 a los pasajeros que hab\u00edan comprado boleto de Maiquet\u00eda a Ezeiza para el d\u00eda 20 de diciembre y Ezeiza &#8211; Maiquet\u00eda para el 21 de diciembre que sus vuelos fueron retrasados y que quedar\u00edan el primero para el 21 y el segundo para el [&hellip;]<\/p>\n","protected":false},"author":2,"featured_media":13016,"comment_status":"open","ping_status":"open","sticky":false,"template":"","format":"standard","meta":{"jnews-multi-image_gallery":[],"jnews_single_post":[],"jnews_primary_category":[],"jnews_social_meta":[],"jnews_review":[],"enable_review":"","type":"","name":"","summary":"","brand":"","sku":"","good":[],"bad":[],"score_override":"","override_value":"","rating":[],"price":[],"jnews_override_counter":[],"jnews_post_split":[],"footnotes":""},"categories":[66],"tags":[69,45,67],"class_list":["post-13014","post","type-post","status-publish","format-standard","has-post-thumbnail","hentry","category-venezuela","tag-conviasa","tag-noticias","tag-venezolanos-en-argentina"],"amp_enabled":true,"_links":{"self":[{"href":"https:\/\/esreviral.com\/index.php?rest_route=\/wp\/v2\/posts\/13014"}],"collection":[{"href":"https:\/\/esreviral.com\/index.php?rest_route=\/wp\/v2\/posts"}],"about":[{"href":"https:\/\/esreviral.com\/index.php?rest_route=\/wp\/v2\/types\/post"}],"author":[{"embeddable":true,"href":"https:\/\/esreviral.com\/index.php?rest_route=\/wp\/v2\/users\/2"}],"replies":[{"embeddable":true,"href":"https:\/\/esreviral.com\/index.php?rest_route=%2Fwp%2Fv2%2Fcomments&post=13014"}],"version-history":[{"count":0,"href":"https:\/\/esreviral.com\/index.php?rest_route=\/wp\/v2\/posts\/13014\/revisions"}],"wp:featuredmedia":[{"embeddable":true,"href":"https:\/\/esreviral.com\/index.php?rest_route=\/"}],"wp:attachment":[{"href":"https:\/\/esreviral.com\/index.php?rest_route=%2Fwp%2Fv2%2Fmedia&parent=13014"}],"wp:term":[{"taxonomy":"category","embeddable":true,"href":"https:\/\/esreviral.com\/index.php?rest_route=%2Fwp%2Fv2%2Fcategories&post=13014"},{"taxonomy":"post_tag","embeddable":true,"href":"https:\/\/esreviral.com\/index.php?rest_route=%2Fwp%2Fv2%2Ftags&post=13014"}],"curies":[{"name":"wp","href":"https:\/\/api.w.org\/{rel}","templated":true}]}}