{"id":12880,"date":"2021-12-14T21:48:04","date_gmt":"2021-12-15T00:48:04","guid":{"rendered":"https:\/\/esreviral.com\/?p=12880"},"modified":"2021-12-14T21:48:04","modified_gmt":"2021-12-15T00:48:04","slug":"la-historia-de-una-venezolana-asesinada-por-su-esposo-colombiano-en-soacha","status":"publish","type":"post","link":"https:\/\/esreviral.com\/?p=12880","title":{"rendered":"La historia de una venezolana asesinada por su esposo colombiano en Soacha"},"content":{"rendered":"\n<p>Yudexi Reyes, de 23 a\u00f1os de edad, luch\u00f3 por su vida durante cinco d\u00edas en una unidad de cuidados intensivos luego de que su pareja la apu\u00f1al\u00f3 en el est\u00f3mago el domingo 5 de diciembre en el barrio Los Robles, en Soacha, Colombia.<\/p>\n\n\n\n<p>La&nbsp;<a href=\"https:\/\/twitter.com\/FeminicidiosCol?ref_src=twsrc%5Etfw%7Ctwcamp%5Etweetembed%7Ctwterm%5E1432527478266945540%7Ctwgr%5E%7Ctwcon%5Es2_&amp;ref_url=https%3A%2F%2Fwww.semana.com%2Fnacion%2Farticulo%2Fla-historia-de-yudexi-la-venezolana-asesinada-por-su-esposo-colombiano-en-soacha%2F202130%2F\" target=\"_blank\" rel=\"noreferrer noopener\">mujer falleci\u00f3<\/a>&nbsp;en el hospital de Meissen, al sur de Bogot\u00e1, la noche del 10 de diciembre. Sus seis hijos menores de edad quedaron al cuidado de familiares.<\/p>\n\n\n\n<p>Entre los ni\u00f1os se encuentra un beb\u00e9 de 3 meses, que tuvo con el hombre que la asesin\u00f3, y dos ni\u00f1os de 3 y 2 a\u00f1os que est\u00e1n con la familia de su padre en Antioquia. Y en Venezuela viven sus tres ni\u00f1as, que quedaron con la abuela, rese\u00f1\u00f3 el diario&nbsp;<em>Semana<\/em>.<\/p>\n\n\n\n<p><strong><span style=\"background-color:#9a1b22\" class=\"td_text_highlight_marker\">Atacada por su esposo<\/span><\/strong><\/p>\n\n\n\n<p>Testigos afirman que Yudexi fue atacada con un arma blanca luego de tener una fuerte discusi\u00f3n con su esposo, un colombiano identificado como Octavio Panesso, a quien hab\u00eda conocido hace un a\u00f1o.<\/p>\n\n\n\n<p>\u201cElla estaba afuera de la casa discutiendo porque su pareja quer\u00eda seguir bebiendo, y ella le dijo que no le iba a dar m\u00e1s plata\u00bb, indic\u00f3 una de las fuentes, que no quiso identificarse por temor a represalias.<\/p>\n\n\n\n<p>Detall\u00f3 que el hombre le pidi\u00f3 20.000 pesos, pero que la venezolana respondi\u00f3 \u00abque se los daba de la plata del pasaje del trabajo, y que \u00e9l resolviera irse caminando; all\u00ed \u00e9l la golpe\u00f3 y se fue a una miscel\u00e1nea que quedaba cerca a comprar un cuchillo\u00bb.<\/p>\n\n\n\n<p><strong><span style=\"background-color:#9a1b22\" class=\"td_text_highlight_marker\">En la v\u00eda p\u00fablica<\/span><\/strong><\/p>\n\n\n\n<p>\u00abCuando volvi\u00f3 a donde estaba ella, la abraz\u00f3 por la espalda y le peg\u00f3 una sola pu\u00f1alada por el est\u00f3mago\u201d, narr\u00f3 la fuente.<\/p>\n\n\n\n<p>El hombre sali\u00f3 del lugar dejando a la venezolana tendida en la carretera, justo en frente de su casa, a las 3:00 de la tarde, mientras se desangraba frente a los vecinos, quienes luego de una hora la llevaron a la sala de urgencias del hospital Meissen.<\/p>\n\n\n\n<p>La pu\u00f1alada le perfor\u00f3 los intestinos, le paraliz\u00f3 los ri\u00f1ones y ameritaba de urgencias un trasplante de h\u00edgado, dijo un primo de Yudexi, identificado como Marcos.<\/p>\n\n\n\n<p>J<strong><span style=\"background-color:#9a1b22\" class=\"td_text_highlight_marker\">usticia para Yudexi<\/span><\/strong><\/p>\n\n\n\n<p>\u201cPedimos justicia por Yudexi. Este asesinato no puede quedar impune\u201d, repite el familiar, quien ha tenido que correr, sin dinero, a hacer las diligencias en Medicina Legal para que este lunes le entreguen el cuerpo de su prima.<\/p>\n\n\n\n<p>Indignados por el caso, familiares de la venezolana abrieron una p\u00e1gina en la red social Facebook Justicia para Yudexi, en la que allegados expresan condolencias y exigen que la polic\u00eda capture a Octavio Panesso.<\/p>\n\n\n\n<p>El asesinato de la migrante venezolana hizo que su mam\u00e1, Marisol Veroes, y su hermana mayor viajaran de Punto Fijo, Venezuela, a Soacha.<\/p>\n\n\n\n<p><strong><span style=\"background-color:#9a1b22\" class=\"td_text_highlight_marker\">Pocas donaciones<\/span><\/strong><\/p>\n\n\n\n<p>En medio de la precariedad, de las pocas donaciones de vecinos y de gente en la calle, esperan completar el dinero para la cremaci\u00f3n del cuerpo y los servicios funerarios, que cuestan m\u00e1s de 3 millones de pesos.<\/p>\n\n\n\n<p>Una amiga de Yudexi, que tambi\u00e9n pidi\u00f3 no ser identificada, asegur\u00f3 a&nbsp;<em>Semana<\/em>&nbsp;que Octavio la maltrataba constantemente, le pegaba cuando estaba embarazada, y hace unas semanas le dej\u00f3 un morado en la espalda cuando le lanz\u00f3 un zapato con todas sus fuerzas.<\/p>\n\n\n\n<p>\u201cTodo esto que pas\u00f3 es muy triste, que ese hombre la asesinara. Ella estaba enamorada de \u00e9l y ella quer\u00eda salir adelante con su familia\u201d, dijo la fuente.<\/p>\n\n\n\n<p><strong><span style=\"background-color:#9a1b22\" class=\"td_text_highlight_marker\">Madre con car\u00e1cter<\/span><\/strong><\/p>\n\n\n\n<p>Yudexi Reyes trabajaba vendiendo bolsas de basura con su beb\u00e9 de tres meses en brazos, en Bogot\u00e1. Su pareja trabaja como obrero en una construcci\u00f3n cercana.<\/p>\n\n\n\n<p>\u201cElla era una mam\u00e1 con car\u00e1cter, todo lo que hac\u00eda era para que sus hijos no pasaran hambre. Como amiga, le daba consejos: si t\u00fa no tienes qu\u00e9 comer, me dices, que yo te doy comida. Le encantaba echar cuentos, era alegre y muy servicial\u201d, afirm\u00f3 otra amiga.<\/p>\n\n\n\n<p>La Fundaci\u00f3n Feminicidios Colombia ha alertado en varias oportunidades que los feminicidios en el pa\u00eds est\u00e1n afectando cada vez m\u00e1s a las&nbsp;<a href=\"https:\/\/www.elnacional.com\/mundo\/el-drama-que-enfrentan-las-mujeres-migrantes-venezolanas-en-colombia\/\" target=\"_blank\" rel=\"noreferrer noopener\">migrantes venezolanas<\/a>.<\/p>\n\n\n\n<p>En Colombia los casos de feminicidio hasta agosto de 2021 ascienden a 200, un aumento del 17,65% con respecto al mismo per\u00edodo (enero-agosto) de 2020, cuando se registraron 170 casos, constatados con la Fiscal\u00eda General de la Naci\u00f3n.<\/p>\n\n\n\n<p>\u201cM\u00e1s del 50% de los feminicidios en Colombia son \u00edntimos, es decir, los agresores son en su mayor\u00eda parejas, exparejas, novios, esposos y amantes. En 2021 ha aumentado el n\u00famero de parejas que cometen feminicidios en relaci\u00f3n con la proporci\u00f3n de exparejas (79 parejas y 28 exparejas)\u201d, se\u00f1al\u00f3 la organizaci\u00f3n.<\/p>\n\n\n\n<p>Enfatiza que la mayor\u00eda de los feminicidios son cometidos con arma cortopunzante. Le sigue en frecuencia el arma de fuego.<\/p>\n\n\n\n<p class=\"has-text-align-right\"><strong><em>El Nacional.-<\/em><\/strong><\/p>\n","protected":false},"excerpt":{"rendered":"<p>La mujer, de 23 a\u00f1os de edad, luch\u00f3 por su vida durante cinco d\u00edas en una unidad de cuidados intensivos. Sus seis hijos menores de edad quedaron al cuidado de familiares<\/p>\n","protected":false},"author":2,"featured_media":12881,"comment_status":"open","ping_status":"open","sticky":false,"template":"","format":"standard","meta":{"jnews-multi-image_gallery":[],"jnews_single_post":[],"jnews_primary_category":[],"jnews_social_meta":[],"jnews_review":[],"enable_review":"","type":"","name":"","summary":"","brand":"","sku":"","good":[],"bad":[],"score_override":"","override_value":"","rating":[],"price":[],"jnews_override_counter":[],"jnews_post_split":[],"footnotes":""},"categories":[88,64],"tags":[111,45,65,743],"class_list":["post-12880","post","type-post","status-publish","format-standard","has-post-thumbnail","hentry","category-internacionales","category-sucesos","tag-internacionales","tag-noticias","tag-sucesos","tag-venezolanos-en-colombia"],"amp_enabled":true,"_links":{"self":[{"href":"https:\/\/esreviral.com\/index.php?rest_route=\/wp\/v2\/posts\/12880"}],"collection":[{"href":"https:\/\/esreviral.com\/index.php?rest_route=\/wp\/v2\/posts"}],"about":[{"href":"https:\/\/esreviral.com\/index.php?rest_route=\/wp\/v2\/types\/post"}],"author":[{"embeddable":true,"href":"https:\/\/esreviral.com\/index.php?rest_route=\/wp\/v2\/users\/2"}],"replies":[{"embeddable":true,"href":"https:\/\/esreviral.com\/index.php?rest_route=%2Fwp%2Fv2%2Fcomments&post=12880"}],"version-history":[{"count":0,"href":"https:\/\/esreviral.com\/index.php?rest_route=\/wp\/v2\/posts\/12880\/revisions"}],"wp:featuredmedia":[{"embeddable":true,"href":"https:\/\/esreviral.com\/index.php?rest_route=\/"}],"wp:attachment":[{"href":"https:\/\/esreviral.com\/index.php?rest_route=%2Fwp%2Fv2%2Fmedia&parent=12880"}],"wp:term":[{"taxonomy":"category","embeddable":true,"href":"https:\/\/esreviral.com\/index.php?rest_route=%2Fwp%2Fv2%2Fcategories&post=12880"},{"taxonomy":"post_tag","embeddable":true,"href":"https:\/\/esreviral.com\/index.php?rest_route=%2Fwp%2Fv2%2Ftags&post=12880"}],"curies":[{"name":"wp","href":"https:\/\/api.w.org\/{rel}","templated":true}]}}