{"id":12834,"date":"2021-12-12T14:54:43","date_gmt":"2021-12-12T17:54:43","guid":{"rendered":"http:\/\/esreviral.com\/?p=12834"},"modified":"2021-12-12T14:54:43","modified_gmt":"2021-12-12T17:54:43","slug":"rekolita-lanza-su-mensaje-de-navidad-inspirado-en-la-diaspora-venezolana-video","status":"publish","type":"post","link":"https:\/\/esreviral.com\/?p=12834","title":{"rendered":"Rekolita lanza su mensaje de navidad inspirado en la di\u00e1spora venezolana (+VIDEO)"},"content":{"rendered":"\n<p><strong><em>CIS.- <\/em><\/strong>Recientemente Rekolita lanz\u00f3 al p\u00fablico su nuevo mensaje de Navidad, el cual fue inspirado en la di\u00e1spora venezolana, donde el protagonista va narrando cu\u00e1nto anhela los aromas y sabores de la cena t\u00edpica de este a\u00f1o en su tierra.&nbsp;<\/p>\n\n\n\n<p>\u201cAqu\u00ed tengo a Rekolita que me recuerda a mi hogar, a mi sabor, a mi tierra. Poco a poco nos estaremos reencontrarnos y vamos a renacer\u201d.&nbsp;<\/p>\n\n\n\n<p>En el mensaje hace hincapi\u00e9 en que los venezolanos deben continuar luchando, trabajando, sin detenerse por nada, \u201chay que mantenerse por los sue\u00f1os\u201d, dice segundos antes de finalizar el emotivo video que se ha vuelto ReViral en las redes sociales.&nbsp;<\/p>\n\n\n\n<p>Desde la directiva de la empresa informaron que para el venidero a\u00f1o 2022, habr\u00e1n nuevos sabores, aunque no quisieron revelar cu\u00e1les ser\u00edan porque a\u00fan est\u00e1n en el proceso de pruebas.\u00a0<\/p>\n\n\n\n<p>Para ver el video, <a href=\"https:\/\/www.instagram.com\/tv\/CXPPfBBl9FS\/?utm_source=ig_web_copy_link\">toca aqu\u00ed <\/a><\/p>\n\n\n\n<figure class=\"wp-block-image size-large\"><img decoding=\"async\" src=\"https:\/\/esreviral.com\/wp-content\/uploads\/2021\/12\/WhatsApp-Image-2021-12-11-at-20.00.12-1-1-1024x1024.jpeg\" alt=\"\" class=\"wp-image-12841\"\/><\/figure>\n\n\n\n<p>Y es que, a dos a\u00f1os del lanzamiento de la marca Rekolita, ya se ha posicionado como una de las principales del rubro en Argentina, la cual ha tenido muy buena aceptaci\u00f3n no s\u00f3lo entre los migrantes sino entre los mismos argentinos quienes cada d\u00eda consumen m\u00e1s la gaseosa con sabor caribe\u00f1o.&nbsp;<\/p>\n\n\n\n<p>\u201cNo hemos parado. En plena pandemia sacamos Re-Kopi\u00f1a y hace unos meses salimos con Re-Ko Uva.&nbsp; No ha sido f\u00e1cil porque es un proceso largo para lograr los sabores. Lleva tiempo, tr\u00e1mites y mucho esfuerzo pero logramos un producto de calidad, completamente industrializado y con todos sus permisos\u201d.<\/p>\n\n\n\n<p>La expansi\u00f3n de las gaseosas es inminente y ya no s\u00f3lo en capital federal y provincia de Buenos Aires sino hacia el resto del interior del pa\u00eds.&nbsp;<\/p>\n\n\n\n<p>\u201cActualmente estamos en pr\u00e1cticamente todos los comercios de productos venezolanos y de gastronom\u00eda venezolana o caribe\u00f1a en Buenos Aires, Santa Fe, Neuquen, Chubut y C\u00f3rdoba, que son las provincias con mayor auge de nuestra comunidad. Seguimos trabajando y queremos llegar cada vez a m\u00e1s lugares con m\u00e1s sabores para regalar sonrisas a todos los venezolanos que habitan este hermoso pa\u00eds, Argentina\u201d.<\/p>\n\n\n\n<figure class=\"wp-block-image size-large\"><img decoding=\"async\" src=\"http:\/\/esreviral.com\/wp-content\/uploads\/2021\/12\/WhatsApp-Image-2021-12-11-at-20.02.07-1.jpeg\" alt=\"\" class=\"wp-image-12836\"\/><\/figure>\n","protected":false},"excerpt":{"rendered":"<p>Para el 2022 sacar\u00e1n nuevos sabores en sus productos<\/p>\n","protected":false},"author":2,"featured_media":12842,"comment_status":"open","ping_status":"open","sticky":false,"template":"","format":"standard","meta":{"jnews-multi-image_gallery":[],"jnews_single_post":[],"jnews_primary_category":[],"jnews_social_meta":[],"jnews_review":[],"enable_review":"","type":"","name":"","summary":"","brand":"","sku":"","good":[],"bad":[],"score_override":"","override_value":"","rating":[],"price":[],"jnews_override_counter":[],"jnews_post_split":[],"footnotes":""},"categories":[50],"tags":[1344,83,45,1353,67],"class_list":["post-12834","post","type-post","status-publish","format-standard","has-post-thumbnail","hentry","category-entretenimiento","tag-cena-navidena","tag-navidad","tag-noticias","tag-rekolita","tag-venezolanos-en-argentina"],"amp_enabled":true,"_links":{"self":[{"href":"https:\/\/esreviral.com\/index.php?rest_route=\/wp\/v2\/posts\/12834"}],"collection":[{"href":"https:\/\/esreviral.com\/index.php?rest_route=\/wp\/v2\/posts"}],"about":[{"href":"https:\/\/esreviral.com\/index.php?rest_route=\/wp\/v2\/types\/post"}],"author":[{"embeddable":true,"href":"https:\/\/esreviral.com\/index.php?rest_route=\/wp\/v2\/users\/2"}],"replies":[{"embeddable":true,"href":"https:\/\/esreviral.com\/index.php?rest_route=%2Fwp%2Fv2%2Fcomments&post=12834"}],"version-history":[{"count":0,"href":"https:\/\/esreviral.com\/index.php?rest_route=\/wp\/v2\/posts\/12834\/revisions"}],"wp:featuredmedia":[{"embeddable":true,"href":"https:\/\/esreviral.com\/index.php?rest_route=\/"}],"wp:attachment":[{"href":"https:\/\/esreviral.com\/index.php?rest_route=%2Fwp%2Fv2%2Fmedia&parent=12834"}],"wp:term":[{"taxonomy":"category","embeddable":true,"href":"https:\/\/esreviral.com\/index.php?rest_route=%2Fwp%2Fv2%2Fcategories&post=12834"},{"taxonomy":"post_tag","embeddable":true,"href":"https:\/\/esreviral.com\/index.php?rest_route=%2Fwp%2Fv2%2Ftags&post=12834"}],"curies":[{"name":"wp","href":"https:\/\/api.w.org\/{rel}","templated":true}]}}