{"id":12829,"date":"2021-12-12T12:03:50","date_gmt":"2021-12-12T15:03:50","guid":{"rendered":"http:\/\/esreviral.com\/?p=12829"},"modified":"2021-12-12T12:03:50","modified_gmt":"2021-12-12T15:03:50","slug":"venezolanos-se-unieron-en-avellaneda-en-la-gran-feria","status":"publish","type":"post","link":"https:\/\/esreviral.com\/?p=12829","title":{"rendered":"Venezolanos se unieron en Avellaneda en la gran feria"},"content":{"rendered":"\n<p><strong><em>CIS.- <\/em><\/strong>M\u00e1s de 20 emprendimientos venezolanos que hacen vida en Argentina se unieron en la segunda edici\u00f3n de la feria en la localidad de Avellaneda, donde hubo un  ambiente familiar. <\/p>\n\n\n\n<p>\u00abLa energ\u00eda que se sinti\u00f3 fue como estar en casa, El Pollito de Cabimas fue un \u00e9xito, adem\u00e1s de apoyar a cada emprendimiento en sus redes\u00bb, coment\u00f3 Anioska Reyes, organizadora del evento. <\/p>\n\n\n\n<figure class=\"wp-block-image size-large\"><img decoding=\"async\" src=\"https:\/\/esreviral.com\/wp-content\/uploads\/2021\/12\/WhatsApp-Image-2021-12-12-at-10.53.54.jpeg\" alt=\"\" class=\"wp-image-12831\"\/><\/figure>\n\n\n\n<p>\u00abEstuvo espectacular la feria, muchos emprendimientos debutaron con productos muy exquisitos. El objetivo es seguir apoyando a emprendimientos a exponerse, abrirse a tener mas clientes darse a conocer, vinieron dos ONG que apoyaron emprendimientos, grabaron historias, las cuales fueron Con Mas Coraz\u00f3n y Baires de Libertad\u00bb. <\/p>\n\n\n\n<p>Reyes aspira continuar con este tipo de eventos y para el a\u00f1o que viene mantener el acto para colaborar y apoyar a las pymes. <\/p>\n\n\n\n<figure class=\"wp-block-image size-large\"><img decoding=\"async\" src=\"https:\/\/esreviral.com\/wp-content\/uploads\/2021\/12\/WhatsApp-Image-2021-12-12-at-10.51.48-1024x768.jpeg\" alt=\"\" class=\"wp-image-12832\"\/><\/figure>\n","protected":false},"excerpt":{"rendered":"<p>M\u00e1s de 20 emprendedores expusieron su arte en el encuentro que uni\u00f3 a los venezolanos de la zona sur<\/p>\n","protected":false},"author":2,"featured_media":12830,"comment_status":"open","ping_status":"open","sticky":false,"template":"","format":"standard","meta":{"jnews-multi-image_gallery":[],"jnews_single_post":[],"jnews_primary_category":[],"jnews_social_meta":[],"jnews_review":[],"enable_review":"","type":"","name":"","summary":"","brand":"","sku":"","good":[],"bad":[],"score_override":"","override_value":"","rating":[],"price":[],"jnews_override_counter":[],"jnews_post_split":[],"footnotes":""},"categories":[54],"tags":[45,67],"class_list":["post-12829","post","type-post","status-publish","format-standard","has-post-thumbnail","hentry","category-inmigracion","tag-noticias","tag-venezolanos-en-argentina"],"amp_enabled":true,"_links":{"self":[{"href":"https:\/\/esreviral.com\/index.php?rest_route=\/wp\/v2\/posts\/12829"}],"collection":[{"href":"https:\/\/esreviral.com\/index.php?rest_route=\/wp\/v2\/posts"}],"about":[{"href":"https:\/\/esreviral.com\/index.php?rest_route=\/wp\/v2\/types\/post"}],"author":[{"embeddable":true,"href":"https:\/\/esreviral.com\/index.php?rest_route=\/wp\/v2\/users\/2"}],"replies":[{"embeddable":true,"href":"https:\/\/esreviral.com\/index.php?rest_route=%2Fwp%2Fv2%2Fcomments&post=12829"}],"version-history":[{"count":0,"href":"https:\/\/esreviral.com\/index.php?rest_route=\/wp\/v2\/posts\/12829\/revisions"}],"wp:featuredmedia":[{"embeddable":true,"href":"https:\/\/esreviral.com\/index.php?rest_route=\/"}],"wp:attachment":[{"href":"https:\/\/esreviral.com\/index.php?rest_route=%2Fwp%2Fv2%2Fmedia&parent=12829"}],"wp:term":[{"taxonomy":"category","embeddable":true,"href":"https:\/\/esreviral.com\/index.php?rest_route=%2Fwp%2Fv2%2Fcategories&post=12829"},{"taxonomy":"post_tag","embeddable":true,"href":"https:\/\/esreviral.com\/index.php?rest_route=%2Fwp%2Fv2%2Ftags&post=12829"}],"curies":[{"name":"wp","href":"https:\/\/api.w.org\/{rel}","templated":true}]}}