{"id":12792,"date":"2021-12-10T18:07:15","date_gmt":"2021-12-10T21:07:15","guid":{"rendered":"http:\/\/esreviral.com\/?p=12792"},"modified":"2021-12-10T18:07:15","modified_gmt":"2021-12-10T21:07:15","slug":"siguen-en-ascenso-los-casos-de-covid-en-argentina-y-hubo-un-nuevo-record-en-los-ultimos-tres-meses","status":"publish","type":"post","link":"https:\/\/esreviral.com\/?p=12792","title":{"rendered":"Siguen en ascenso los casos de COVID en Argentina y hubo un nuevo r\u00e9cord en los \u00faltimos tres meses"},"content":{"rendered":"\n<p>El Ministerio de Salud inform\u00f3 este viernes\u00a0<strong>3573 nuevos casos de\u00a0<\/strong><a rel=\"noreferrer noopener\" href=\"https:\/\/tn.com.ar\/sociedad\/2021\/12\/09\/cordoba-investiga-un-caso-sospechoso-de-omicron-hay-6-personas-contagiadas-y-78-aisladas\/\" target=\"_blank\"><strong>coronavirus\u00a0<\/strong><\/a>en las \u00faltimas 24 horas, la cifra m\u00e1s alta de contagios en 3 meses. Adem\u00e1s, report\u00f3\u00a0<strong>29 muertos<\/strong>. Seg\u00fan el Ministerio de Salud, ya son\u00a0<strong>5.354.440\u00a0<\/strong>los casos confirmados y\u00a0<strong>116.748 las v\u00edctimas fatales<\/strong>\u00a0en la Argentina. Los\u00a0<strong>activos<\/strong>, en tanto, suman\u00a0<strong>26.428\u00a0<\/strong>y las personas\u00a0<strong>dadas de alta\u00a0<\/strong>totalizan\u00a0<strong>5.211.264.<\/strong><\/p>\n\n\n\n<figure class=\"wp-block-image size-large\"><img decoding=\"async\" src=\"https:\/\/tn.com.ar\/resizer\/tnql-nPhBnHAaJZD4c9oeLP_G7s=\/1440x0\/smart\/filters:quality(60)\/cloudfront-us-east-1.images.arcpublishing.com\/artear\/GT5DLAWWKRHPDD2SBEXBK3P25U.JPG\" alt=\"\"\/><\/figure>\n\n\n\n<p>Por otra parte, los pacientes que permanecen internados con Covid-19 en las distintas unidades de terapia intensiva (UTI) del pa\u00eds son 706, apenas un caso menos que el jueves. Esto da cuenta de un alto porcentaje de ocupaci\u00f3n\u00a0<strong>total de camas en las UTI adulto, que es del 35.1% a nivel nacional\u00a0<\/strong>y del 38.6% en el \u00c1rea Metropolitana de Buenos Aires (AMBA).<\/p>\n\n\n\n<p class=\"has-text-align-right\"><em><strong>TN.-<\/strong><\/em><\/p>\n","protected":false},"excerpt":{"rendered":"<p>Hubo 3573 nuevos casos en las \u00faltimas 24 horas, la cifra m\u00e1s alta en 3 meses<\/p>\n","protected":false},"author":2,"featured_media":12793,"comment_status":"open","ping_status":"open","sticky":false,"template":"","format":"standard","meta":{"jnews-multi-image_gallery":[],"jnews_single_post":[],"jnews_primary_category":[],"jnews_social_meta":[],"jnews_review":[],"enable_review":"","type":"","name":"","summary":"","brand":"","sku":"","good":[],"bad":[],"score_override":"","override_value":"","rating":[],"price":[],"jnews_override_counter":[],"jnews_post_split":[],"footnotes":""},"categories":[76],"tags":[44,77,45],"class_list":["post-12792","post","type-post","status-publish","format-standard","has-post-thumbnail","hentry","category-coronavirus","tag-argentina","tag-coronavirus","tag-noticias"],"amp_enabled":true,"_links":{"self":[{"href":"https:\/\/esreviral.com\/index.php?rest_route=\/wp\/v2\/posts\/12792"}],"collection":[{"href":"https:\/\/esreviral.com\/index.php?rest_route=\/wp\/v2\/posts"}],"about":[{"href":"https:\/\/esreviral.com\/index.php?rest_route=\/wp\/v2\/types\/post"}],"author":[{"embeddable":true,"href":"https:\/\/esreviral.com\/index.php?rest_route=\/wp\/v2\/users\/2"}],"replies":[{"embeddable":true,"href":"https:\/\/esreviral.com\/index.php?rest_route=%2Fwp%2Fv2%2Fcomments&post=12792"}],"version-history":[{"count":0,"href":"https:\/\/esreviral.com\/index.php?rest_route=\/wp\/v2\/posts\/12792\/revisions"}],"wp:featuredmedia":[{"embeddable":true,"href":"https:\/\/esreviral.com\/index.php?rest_route=\/"}],"wp:attachment":[{"href":"https:\/\/esreviral.com\/index.php?rest_route=%2Fwp%2Fv2%2Fmedia&parent=12792"}],"wp:term":[{"taxonomy":"category","embeddable":true,"href":"https:\/\/esreviral.com\/index.php?rest_route=%2Fwp%2Fv2%2Fcategories&post=12792"},{"taxonomy":"post_tag","embeddable":true,"href":"https:\/\/esreviral.com\/index.php?rest_route=%2Fwp%2Fv2%2Ftags&post=12792"}],"curies":[{"name":"wp","href":"https:\/\/api.w.org\/{rel}","templated":true}]}}