{"id":12789,"date":"2021-12-10T18:03:33","date_gmt":"2021-12-10T21:03:33","guid":{"rendered":"http:\/\/esreviral.com\/?p=12789"},"modified":"2021-12-10T18:03:33","modified_gmt":"2021-12-10T21:03:33","slug":"rodriguez-larreta-inauguro-la-nueva-ciclovia-sobre-av-forest","status":"publish","type":"post","link":"https:\/\/esreviral.com\/?p=12789","title":{"rendered":"Rodr\u00edguez Larreta inaugur\u00f3 la nueva ciclov\u00eda sobre av. Forest"},"content":{"rendered":"\n<figure class=\"wp-block-table\"><table><tbody><tr><td>El jefe de Gobierno porte\u00f1o, Horacio Rodr\u00edguez Larreta, inaugur\u00f3 hoy la nueva ciclov\u00eda sobre av. Forest que se extiende a lo largo de 2 km entre las avenidas De los Incas y Corrientes. De la recorrida tambi\u00e9n participaron el secretario de Transporte y Obras P\u00fablicas, Juan Jos\u00e9 Mendez; el presidente de la Comuna 15, Mart\u00edn Garcilazo; y vecinos de la zona.<br><br>Las obras de los nuevos carriles exclusivos para bicicletas de sentido \u00fanico hacia el centro porte\u00f1o tuvieron una duraci\u00f3n de un mes y medio. Fueron proyectadas tras el \u00e9xito de las ciclov\u00edas sobre la av. C\u00f3rdoba y av. Corrientes que se implementaron el a\u00f1o pasado con el fin de impulsar el uso de la bicicleta en el marco de la emergencia sanitaria. Adem\u00e1s de los cordones, delineadores y cruces verdes que se incorporaron a la traza, se realizaron nuevas intervenciones en esquinas, cruces y giros vehiculares para mejorar la experiencia y la seguridad vial de peatones y ciclistas.<\/td><\/tr><\/tbody><\/table><\/figure>\n\n\n\n<figure class=\"wp-block-image size-large\"><img decoding=\"async\" src=\"https:\/\/ci4.googleusercontent.com\/proxy\/ZkL6h29MdytVIFri4Tihsd983kxmU-l3C4sBrPyfBWZkkFHdn_AFgaF8iI1feit9NUyFJcvZFCyTfKNC2To7OQNTCDqbDxw7WpyOYsZstN1XWUzKvOaVDmYQCYu07mokNWhNU6HI1hffsipIZhGmnOuhsLM=s0-d-e1-ft#https:\/\/app2.dopplerfiles.com\/Users\/160762\/Campaigns\/12005632\/Mapa_nueva_ciclov%C3%ADa_av._Forest.jpg\" alt=\"\"\/><\/figure>\n","protected":false},"excerpt":{"rendered":"<p>El jefe de Gobierno porte\u00f1o, Horacio Rodr\u00edguez Larreta, inaugur\u00f3 hoy la nueva ciclov\u00eda sobre av. Forest que se extiende a lo largo de 2 km entre las avenidas De los Incas y Corrientes. De la recorrida tambi\u00e9n participaron el secretario de Transporte y Obras P\u00fablicas, Juan Jos\u00e9 Mendez; el presidente de la Comuna 15, Mart\u00edn [&hellip;]<\/p>\n","protected":false},"author":2,"featured_media":12790,"comment_status":"open","ping_status":"open","sticky":false,"template":"","format":"standard","meta":{"jnews-multi-image_gallery":[],"jnews_single_post":[],"jnews_primary_category":[],"jnews_social_meta":[],"jnews_review":[],"enable_review":"","type":"","name":"","summary":"","brand":"","sku":"","good":[],"bad":[],"score_override":"","override_value":"","rating":[],"price":[],"jnews_override_counter":[],"jnews_post_split":[],"footnotes":""},"categories":[58],"tags":[44,124,45],"class_list":["post-12789","post","type-post","status-publish","format-standard","has-post-thumbnail","hentry","category-argentina","tag-argentina","tag-buenos-aires","tag-noticias"],"amp_enabled":true,"_links":{"self":[{"href":"https:\/\/esreviral.com\/index.php?rest_route=\/wp\/v2\/posts\/12789"}],"collection":[{"href":"https:\/\/esreviral.com\/index.php?rest_route=\/wp\/v2\/posts"}],"about":[{"href":"https:\/\/esreviral.com\/index.php?rest_route=\/wp\/v2\/types\/post"}],"author":[{"embeddable":true,"href":"https:\/\/esreviral.com\/index.php?rest_route=\/wp\/v2\/users\/2"}],"replies":[{"embeddable":true,"href":"https:\/\/esreviral.com\/index.php?rest_route=%2Fwp%2Fv2%2Fcomments&post=12789"}],"version-history":[{"count":0,"href":"https:\/\/esreviral.com\/index.php?rest_route=\/wp\/v2\/posts\/12789\/revisions"}],"wp:featuredmedia":[{"embeddable":true,"href":"https:\/\/esreviral.com\/index.php?rest_route=\/"}],"wp:attachment":[{"href":"https:\/\/esreviral.com\/index.php?rest_route=%2Fwp%2Fv2%2Fmedia&parent=12789"}],"wp:term":[{"taxonomy":"category","embeddable":true,"href":"https:\/\/esreviral.com\/index.php?rest_route=%2Fwp%2Fv2%2Fcategories&post=12789"},{"taxonomy":"post_tag","embeddable":true,"href":"https:\/\/esreviral.com\/index.php?rest_route=%2Fwp%2Fv2%2Ftags&post=12789"}],"curies":[{"name":"wp","href":"https:\/\/api.w.org\/{rel}","templated":true}]}}