{"id":12733,"date":"2021-12-07T18:12:27","date_gmt":"2021-12-07T21:12:27","guid":{"rendered":"http:\/\/esreviral.com\/?p=12733"},"modified":"2021-12-07T18:12:27","modified_gmt":"2021-12-07T21:12:27","slug":"detuvieron-a-19-personas-y-les-incautaron-mas-de-500-dosis-de-cocaina-y-paco","status":"publish","type":"post","link":"https:\/\/esreviral.com\/?p=12733","title":{"rendered":"Detuvieron a 19 personas y les incautaron m\u00e1s de 500 dosis de coca\u00edna y paco"},"content":{"rendered":"\n<p>La Polic\u00eda de la Ciudad realiz\u00f3 junto al Ministerio P\u00fablico Fiscal de la Ciudad, <strong>35 allanamientos en el marco de un operativo para combatir el narcomenudeo en el Barrio 15 de Villa Lugano y detuvo a 19 personas e incaut\u00f3 m\u00e1s de 500 dosis de coca\u00edna<\/strong> y paco a propiedades vinculadas con la comercializaci\u00f3n de estupefacientes.<\/p>\n\n\n\n<p>El Operativo se encuadra bajo el lanzamiento del Programa de Intervenci\u00f3n en el Mercado de Drogas (IMD) <strong>una pol\u00edtica p\u00fablica novedosa orientada a combatir la venta de drogas al menudeo basada en evidencia desarrollada en Estados Unidos y ensayada exitosamente en ese y otros pa\u00edses de la regi\u00f3n.<\/strong><\/p>\n\n\n\n<p>La Divisi\u00f3n Operaciones Zona Sur, del Departamento Operaciones Narcocriminalidad realiz\u00f3 las tareas investigativas que incluyeron un relevamiento de la zona, l<strong>a recolecci\u00f3n de pruebas sobre el comercio de estupefacientes, la identificaci\u00f3n de los responsables, adem\u00e1s de escuchas telef\u00f3nicas y compras de estupefacientes de forma encubierta.<\/strong><\/p>\n\n\n\n<p><strong>Todas las pruebas fueron aportadas por la Unidad Fiscal Especializada en Estupefacientes (UFEIDE) a cargo de la fiscal Cecilia Amil al Juzgado Penal, Contravencional y de Faltas N\u00famero 14<\/strong>, a cargo del doctor Gonzalo Vi\u00f1a, que dispuso la materializaci\u00f3n de 21 detenciones, 22 requisas y 35 allanamientos.<\/p>\n\n\n\n<blockquote class=\"wp-block-quote td_quote_box td_box_center is-layout-flow wp-block-quote-is-layout-flow\"><p><strong>Como resultado, fueron detenidas 19 personas y se procedi\u00f3 al secuestro de 1 kilo de marihuana divido en tres trozos, un total de 521 dosis de coca\u00edna y paco listas para su venta, 2.000.220 de pesos, 1 arma calibre 9mm con municiones, 24 tel\u00e9fonos celulares, 1 pendrive, 4 notebooks y 2 tablets.<\/strong><\/p><\/blockquote>\n\n\n\n<p>Respecto de la situaci\u00f3n procesal de los 19 detenidos, se acordaron 4 condenas y una suspensi\u00f3n del proceso a prueba.<\/p>\n\n\n\n<p><strong><span style=\"background-color:#9a1b22\" class=\"td_text_highlight_marker\">EL PROGRAMA IMD EN ARGENTINA<\/span><\/strong><\/p>\n\n\n\n<p>Siguiendo los lineamientos del Programa IMD, se realiz\u00f3 esta semana una reuni\u00f3n entre autoridades del Ministerio P\u00fablico Fiscal y del Ministerio de Justicia y Seguridad de la Ciudad y 9 imputados en la causa. El principal objetivo de la reuni\u00f3n fue anunciarle a los imputados en cuesti\u00f3n que, al margen de las pruebas recolectadas en la investigaci\u00f3n, se les ofrecer\u00eda por \u00fanica vez la oportunidad de seguir en libertad y en el barrio 15, a cambio de que desistieran de cualquier vinculaci\u00f3n con la comercializaci\u00f3n de estupefacientes.<\/p>\n\n\n\n<p>Asimismo, se invit\u00f3 al Ministerio de Desarrollo Humano y H\u00e1bitat a la reuni\u00f3n para que pudieran ofrecer a estos imputados distintos programas de capacitaci\u00f3n profesional y desarrollo de emprendimientos, con el objetivo de que estas 9 personas pudieran dar un nuevo rumbo a su vida.<\/p>\n\n\n\n<p>A su vez, se dio inicio a la tercera y \u00faltima etapa del Programa, que contempla supervisar que los imputados cumplan con las pautas establecidas en la oferta y que el MPF CABA y la Polic\u00eda de la Ciudad contin\u00faen con las investigaciones en el barrio 15 y, de este modo, poder controlar que estos imputados y otras personas, no se involucren en actividades relacionadas con la venta de estupefacientes.<\/p>\n\n\n\n<p class=\"has-text-align-right\"><strong><em>Prensa Ministerio P\u00fablico CABA.- <\/em><\/strong><\/p>\n","protected":false},"excerpt":{"rendered":"<p>Todas las pruebas fueron aportadas por la Unidad Fiscal Especializada en Estupefacientes (UFEIDE) a cargo de la fiscal Cecilia Amil al Juzgado Penal, Contravencional y de Faltas N\u00famero 14<\/p>\n","protected":false},"author":2,"featured_media":12734,"comment_status":"open","ping_status":"open","sticky":false,"template":"","format":"standard","meta":{"jnews-multi-image_gallery":[],"jnews_single_post":[],"jnews_primary_category":[],"jnews_social_meta":[],"jnews_review":[],"enable_review":"","type":"","name":"","summary":"","brand":"","sku":"","good":[],"bad":[],"score_override":"","override_value":"","rating":[],"price":[],"jnews_override_counter":[],"jnews_post_split":[],"footnotes":""},"categories":[64],"tags":[44,592,45],"class_list":["post-12733","post","type-post","status-publish","format-standard","has-post-thumbnail","hentry","category-sucesos","tag-argentina","tag-drogas","tag-noticias"],"amp_enabled":true,"_links":{"self":[{"href":"https:\/\/esreviral.com\/index.php?rest_route=\/wp\/v2\/posts\/12733"}],"collection":[{"href":"https:\/\/esreviral.com\/index.php?rest_route=\/wp\/v2\/posts"}],"about":[{"href":"https:\/\/esreviral.com\/index.php?rest_route=\/wp\/v2\/types\/post"}],"author":[{"embeddable":true,"href":"https:\/\/esreviral.com\/index.php?rest_route=\/wp\/v2\/users\/2"}],"replies":[{"embeddable":true,"href":"https:\/\/esreviral.com\/index.php?rest_route=%2Fwp%2Fv2%2Fcomments&post=12733"}],"version-history":[{"count":0,"href":"https:\/\/esreviral.com\/index.php?rest_route=\/wp\/v2\/posts\/12733\/revisions"}],"wp:featuredmedia":[{"embeddable":true,"href":"https:\/\/esreviral.com\/index.php?rest_route=\/"}],"wp:attachment":[{"href":"https:\/\/esreviral.com\/index.php?rest_route=%2Fwp%2Fv2%2Fmedia&parent=12733"}],"wp:term":[{"taxonomy":"category","embeddable":true,"href":"https:\/\/esreviral.com\/index.php?rest_route=%2Fwp%2Fv2%2Fcategories&post=12733"},{"taxonomy":"post_tag","embeddable":true,"href":"https:\/\/esreviral.com\/index.php?rest_route=%2Fwp%2Fv2%2Ftags&post=12733"}],"curies":[{"name":"wp","href":"https:\/\/api.w.org\/{rel}","templated":true}]}}