{"id":12730,"date":"2021-12-07T18:03:42","date_gmt":"2021-12-07T21:03:42","guid":{"rendered":"http:\/\/esreviral.com\/?p=12730"},"modified":"2021-12-07T18:03:42","modified_gmt":"2021-12-07T21:03:42","slug":"voraz-incendio-dejo-10-personas-afectadas-en-las-adyacencias-del-abasto-fotos","status":"publish","type":"post","link":"https:\/\/esreviral.com\/?p=12730","title":{"rendered":"Voraz incendio dej\u00f3 10 personas afectadas en las adyacencias del Abasto (+FOTOS)"},"content":{"rendered":"\n<p>El incendio en un dep\u00f3sito del barrio porte\u00f1o de Balvanera, a pocas cuadras del shopping Abasto, fue reducido \u00abnotablemente\u00bb en las primeras horas de la tarde por varias dotaciones de Bomberos de la Ciudad de Buenos Aires y \u00fanicamente resta \u00abavanzar con el fondo\u00bb del lugar, donde a\u00fan se realizan tareas de extinci\u00f3n de las llamas persistentes, inform\u00f3 el jefe del operativo, Walter Mart\u00ednez.<\/p>\n\n\n\n<p>Pasadas las 15, Mart\u00ednez asegur\u00f3 a T\u00e9lam que\u00a0<strong>el fuego se redujo \u00abnotablemente\u00bb<\/strong>, pero que a\u00fan contin\u00faan con tareas de extinci\u00f3n del fuego ya que persisten llamas en el fondo del dep\u00f3sito incendiado.<\/p>\n\n\n\n<p>El fuego iniciado alrededor de las 11 de la ma\u00f1ana oblig\u00f3 a la evacuaci\u00f3n de decenas de vecinos, que ya pudieron regresar a sus hogares, aunque con la precauci\u00f3n de mantener cerrado cualquier ingreso de humo, indicaron agentes del Gobierno de la Ciudad que se encuentran trabajando en el lugar.<\/p>\n\n\n\n<p>Adem\u00e1s, provoc\u00f3 que diez personas fueran atendidas por inhalaci\u00f3n de humo, aunque sin necesidad de ser trasladadas del lugar.<\/p>\n\n\n\n<figure class=\"wp-block-embed-twitter wp-block-embed is-type-rich is-provider-twitter\"><div class=\"wp-block-embed__wrapper\">\n<blockquote class=\"twitter-tweet\" data-width=\"500\" data-dnt=\"true\"><p lang=\"es\" dir=\"ltr\">Ahora. Anchorena y Valent\u00edn G\u00f3mez <a href=\"https:\/\/twitter.com\/hashtag\/Abasto?src=hash&amp;ref_src=twsrc%5Etfw\">#Abasto<\/a>. <a href=\"https:\/\/twitter.com\/hashtag\/Incendio?src=hash&amp;ref_src=twsrc%5Etfw\">#Incendio<\/a> en dep\u00f3sito. Bomberos de la Ciudad combate el fuego violento con varias l\u00edneas. Trabajan tambi\u00e9n equipos de Emergencias de la Ciudad <a href=\"https:\/\/twitter.com\/SeguridadBA?ref_src=twsrc%5Etfw\">@SeguridadBA<\/a> <a href=\"https:\/\/twitter.com\/batransito?ref_src=twsrc%5Etfw\">@batransito<\/a> <a href=\"https:\/\/twitter.com\/solotransito?ref_src=twsrc%5Etfw\">@solotransito<\/a> <a href=\"https:\/\/twitter.com\/AlertasTransito?ref_src=twsrc%5Etfw\">@AlertasTransito<\/a> <a href=\"https:\/\/t.co\/Q7ixibySBi\">pic.twitter.com\/Q7ixibySBi<\/a><\/p>&mdash; Emergencias BA (@EmergenciasBA) <a href=\"https:\/\/twitter.com\/EmergenciasBA\/status\/1468234015371145223?ref_src=twsrc%5Etfw\">December 7, 2021<\/a><\/blockquote><script async src=\"https:\/\/platform.twitter.com\/widgets.js\" charset=\"utf-8\"><\/script>\n<\/div><\/figure>\n\n\n\n<p>El fuego se desat\u00f3 en un dep\u00f3sito que funciona como baulera ubicado&nbsp;<strong>en la intersecci\u00f3n de las calles Anchorena y Valent\u00edn G\u00f3mez<\/strong>&nbsp;por causas que todav\u00eda no fueron reportadas, y gener\u00f3 una intensa columna de humo negro que se visualizaba desde varias cuadras del lugar.<\/p>\n\n\n\n<p>El incendio se inici\u00f3 en una planta baja del dep\u00f3sito, de 10 metros de frente por 5 metros de alto, seg\u00fan indicaron a T\u00e9lam fuentes policiales<\/p>\n\n\n\n<div class=\"wp-block-image\"><figure class=\"alignright size-large is-resized\"><img fetchpriority=\"high\" decoding=\"async\" src=\"https:\/\/pbs.twimg.com\/media\/FGBMPrqXIA0BK0y?format=jpg&amp;name=medium\" alt=\"\" width=\"345\" height=\"476\"\/><\/figure><\/div>\n\n\n\n<p>\u00abSe trata de un dep\u00f3sito con bauleras met\u00e1licas que se alquilan. Encontramos en el lugar telas, maderas y algunos electrodom\u00e9sticos. Cuando llegamos evacuamos al personal de la empresa y vecinos de casas linderas\u00bb, especific\u00f3 Mart\u00ednez.<\/p>\n\n\n\n<p>Por su parte, el titular del SAME, Alberto Crescenti, precis\u00f3 que trabajaron en el lugar 15 ambulancias y que se atendi\u00f3 a diez vecinos por irritaci\u00f3n de v\u00edas respiratorias y ojos como consecuencia de haber sido afectados por el humo.<\/p>\n\n\n\n<p>No obstante, indic\u00f3 que ninguna persona result\u00f3 herida de gravedad ni tuvo que ser trasladada a un hospital:&nbsp;<strong>\u00abNo hay que lamentar ninguna v\u00edctima\u00bb<\/strong>.<\/p>\n\n\n\n<p>\u00abNo hay que lamentar ninguna v\u00edctima\u00bb, subray\u00f3 Crescenti.<\/p>\n\n\n\n<p>Adem\u00e1s de Bomberos y personal del SAME trabajaba personal de Defensa Civil, que debi\u00f3 evacuar en forma inmediata a decenas de vecinos de edificios linderos al dep\u00f3sito que se incendi\u00f3.<\/p>\n\n\n\n<figure class=\"wp-block-image size-large\"><img decoding=\"async\" src=\"https:\/\/pbs.twimg.com\/media\/FGBMQMLXMA019-N?format=jpg&amp;name=large\" alt=\"\"\/><\/figure>\n\n\n\n<figure class=\"wp-block-image size-large\"><img decoding=\"async\" src=\"https:\/\/pbs.twimg.com\/media\/FGBMQrjXMAIRQZs?format=jpg&amp;name=large\" alt=\"\"\/><\/figure>\n\n\n\n<figure class=\"wp-block-image size-large\"><img decoding=\"async\" src=\"https:\/\/pbs.twimg.com\/media\/FGBMRB5XwAMjGVH?format=jpg&amp;name=large\" alt=\"\"\/><\/figure>\n","protected":false},"excerpt":{"rendered":"<p>En horas de la tarde y tras largo tiempo desde el inicio, hab\u00edan reducido el fuego<\/p>\n","protected":false},"author":2,"featured_media":12731,"comment_status":"open","ping_status":"open","sticky":false,"template":"","format":"standard","meta":{"jnews-multi-image_gallery":[],"jnews_single_post":[],"jnews_primary_category":[],"jnews_social_meta":[],"jnews_review":[],"enable_review":"","type":"","name":"","summary":"","brand":"","sku":"","good":[],"bad":[],"score_override":"","override_value":"","rating":[],"price":[],"jnews_override_counter":[],"jnews_post_split":[],"footnotes":""},"categories":[64],"tags":[894,933,45],"class_list":["post-12730","post","type-post","status-publish","format-standard","has-post-thumbnail","hentry","category-sucesos","tag-ciudad-de-buenos-aires","tag-incendio","tag-noticias"],"amp_enabled":true,"_links":{"self":[{"href":"https:\/\/esreviral.com\/index.php?rest_route=\/wp\/v2\/posts\/12730"}],"collection":[{"href":"https:\/\/esreviral.com\/index.php?rest_route=\/wp\/v2\/posts"}],"about":[{"href":"https:\/\/esreviral.com\/index.php?rest_route=\/wp\/v2\/types\/post"}],"author":[{"embeddable":true,"href":"https:\/\/esreviral.com\/index.php?rest_route=\/wp\/v2\/users\/2"}],"replies":[{"embeddable":true,"href":"https:\/\/esreviral.com\/index.php?rest_route=%2Fwp%2Fv2%2Fcomments&post=12730"}],"version-history":[{"count":0,"href":"https:\/\/esreviral.com\/index.php?rest_route=\/wp\/v2\/posts\/12730\/revisions"}],"wp:featuredmedia":[{"embeddable":true,"href":"https:\/\/esreviral.com\/index.php?rest_route=\/"}],"wp:attachment":[{"href":"https:\/\/esreviral.com\/index.php?rest_route=%2Fwp%2Fv2%2Fmedia&parent=12730"}],"wp:term":[{"taxonomy":"category","embeddable":true,"href":"https:\/\/esreviral.com\/index.php?rest_route=%2Fwp%2Fv2%2Fcategories&post=12730"},{"taxonomy":"post_tag","embeddable":true,"href":"https:\/\/esreviral.com\/index.php?rest_route=%2Fwp%2Fv2%2Ftags&post=12730"}],"curies":[{"name":"wp","href":"https:\/\/api.w.org\/{rel}","templated":true}]}}