{"id":12727,"date":"2021-12-07T17:54:49","date_gmt":"2021-12-07T20:54:49","guid":{"rendered":"http:\/\/esreviral.com\/?p=12727"},"modified":"2021-12-07T17:54:49","modified_gmt":"2021-12-07T20:54:49","slug":"cronograma-de-servicios-publicos-para-el-miercoles-8-de-diciembre-en-caba","status":"publish","type":"post","link":"https:\/\/esreviral.com\/?p=12727","title":{"rendered":"Cronograma de Servicios P\u00fablicos para el mi\u00e9rcoles 8 de diciembre en CABA"},"content":{"rendered":"\n<p>El Gobierno de la Ciudad Aut\u00f3noma de Buenos Aires informa el cronograma de servicios p\u00fablicos para este mi\u00e9rcoles 8 de diciembre, feriado por el D\u00eda de la Inmaculada Concepci\u00f3n de Mar\u00eda.<br>*&nbsp;<strong>Hospitales<\/strong>: funcionar\u00e1n las guardias, el SAME y las Unidades Febriles de Urgencia. Tambi\u00e9n las sedes del dispositivo DetectAR y centros de testeos con atenci\u00f3n espec\u00edfica.<br>*&nbsp;<strong>Escuelas<\/strong>: cerradas.<br>*&nbsp;<strong>Cementerios<\/strong>: las inhumaciones en los Cementerios de Chacarita, Flores, Recoleta y el ingreso de los fallecidos al Crematorio de la Ciudad Aut\u00f3noma de Buenos Aires se realizar\u00e1n en el horario de 7.30 a 14.00 horas a destino, recepcion\u00e1ndose el \u00faltimo tr\u00e1mite a las 13 e inici\u00e1ndose la \u00faltima inhumaci\u00f3n a las 13.30.<br>*&nbsp;<strong>Administraci\u00f3n Gubernamental de Ingresos P\u00fablicos y Direcci\u00f3n General de Rentas<\/strong>: cerradas.<br>*&nbsp;<strong>Sedes Comunales:<\/strong>&nbsp;cerradas.&nbsp;<br>*&nbsp;<strong>Registro Civil<\/strong>: permanecer\u00e1 cerrado. Funcionar\u00e1 s\u00f3lo la guardia de defunciones de 9 a 12.<br>*&nbsp;<strong>Recolecci\u00f3n de residuos<\/strong>: el servicio funcionar\u00e1 de manera habitual.<br>*&nbsp;<strong>Estacionamiento<\/strong>: estar\u00e1 permitido estacionar sobre las avenidas y calles donde est\u00e1 prohibido estacionar los d\u00edas h\u00e1biles de 7 a 21 horas. No estar\u00e1 permitido estacionar sobre avenidas o calles donde est\u00e1 prohibido estacionar las 24 horas.<br>El estacionamiento medido no tendr\u00e1 vigencia.<br>En las rampas, veredas, ochavas, cocheras, paradas de colectivo, calles de convivencia, espacios reservados para personas con discapacidad, espacios reservados para cl\u00ednicas y hospitales y cajones de carga y descarga, sigue rigiendo la prohibici\u00f3n durante las 24 horas. Adem\u00e1s no habr\u00e1 restricci\u00f3n de ingreso a Centro y Tribunales peatonal.<br>M\u00e1s informaci\u00f3n:&nbsp;<a href=\"https:\/\/lt.mydplr.com\/6cb7aedf6e1e718b55ddea3adbd7dd8e-3523ed1b7c765c2ed4553be6ca72846c\" target=\"_blank\" rel=\"noreferrer noopener\"><u>http:\/\/estacionamiento.gob.ar\/<\/u><\/a><br>*&nbsp;<strong>Subtes y premetro<\/strong>: el servicio funcionar\u00e1 de 7 a 22 horas.<br>*&nbsp;<strong>Ecobici:<\/strong>&nbsp;los usuarios tendr\u00e1n dos opciones principales: Pase feriado ($150, cuatro viajes por d\u00eda de hasta 60 minutos), o Pase recreativo viaje \u00fanico ($70, un viaje en el d\u00eda de 30 minutos).<br>*&nbsp;<strong>Peajes<\/strong>: los peajes funcionar\u00e1n con normalidad, tomando como hora pico el horario de fin de semana, es decir, de 11 a 15 horas sentido Provincia, y de 17 a 21 horas sentido Centro.<br>*&nbsp;<strong>Registro de licencias para conducir, sede Roca<\/strong>: cerrada.<br>*&nbsp;<strong>Pista de aprendizaje<\/strong>: abierta. Para poder utilizar el espacio de forma segura y responsable los vecinos y vecinas deber\u00e1n sacar turno con anticipaci\u00f3n en&nbsp;<a href=\"https:\/\/lt.mydplr.com\/024d2bb0d6868ed95a7ae994ece9374f-3523ed1b7c765c2ed4553be6ca72846c\" target=\"_blank\" rel=\"noreferrer noopener\"><u>https:\/\/www.buenosaires.gob.ar\/licenciasdeconducir\/practicas-de-manejo<\/u><\/a><br>*<strong>&nbsp;Verificaci\u00f3n T\u00e9cnica Vehicular<\/strong>: las siete plantas permanecer\u00e1n cerradas.<br>*&nbsp;<strong>Direcci\u00f3n General de Infracciones<\/strong>: cerrada.<br>*&nbsp;<strong>Polic\u00eda y Bomberos de la Ciudad + Emergencias L\u00ednea 911; Log\u00edstica, Defensa Civil, Guardia de Auxilio y Emergencias + L\u00ednea 103<\/strong>: guardias activas las 24 horas.<br>*&nbsp;<strong>Parques<\/strong>:<br>Reserva Ecol\u00f3gica: abierta de 10 a 17 horas.Jard\u00edn Bot\u00e1nico: abierto de 8 a 18 horas.Ecoparque: abierto de 11 a 18 horas.Costanera Sur: abierta de 8 a 18 horas.<br>*&nbsp;<strong>Museos<\/strong>: abiertos de 11 a 20 horas.<br>Para m\u00e1s informaci\u00f3n:&nbsp;<a href=\"https:\/\/lt.mydplr.com\/88a9544214d02b84f194cdbae15510e2-3523ed1b7c765c2ed4553be6ca72846c\" target=\"_blank\" rel=\"noreferrer noopener\"><u>http:\/\/www.buenosaires.gob.ar\/museos<\/u><\/a><br>*&nbsp;<strong>Bibliotecas p\u00fablicas:<\/strong>&nbsp;cerradas.<br>*&nbsp;<strong>Teatros dependientes del GCBA<\/strong>:<br>Complejo Teatral de Buenos Aires: cerrado.Centro Cultural San Mart\u00edn: cerrado.Centro Cultural 25 de Mayo: cerrado.Centro Cultural Recoleta: &nbsp;abierto de 11.15 a 22 horas.Teatro Col\u00f3n: Col\u00f3n F\u00e1brica, abierto de 12 a 18 horas.Usina del Arte: abierta de 12 a 20 horas.<\/p>\n","protected":false},"excerpt":{"rendered":"<p>Este mi\u00e9rcoles ser\u00e1 feriado en Argentina<\/p>\n","protected":false},"author":2,"featured_media":12728,"comment_status":"open","ping_status":"open","sticky":false,"template":"","format":"standard","meta":{"jnews-multi-image_gallery":[],"jnews_single_post":[],"jnews_primary_category":[],"jnews_social_meta":[],"jnews_review":[],"enable_review":"","type":"","name":"","summary":"","brand":"","sku":"","good":[],"bad":[],"score_override":"","override_value":"","rating":[],"price":[],"jnews_override_counter":[],"jnews_post_split":[],"footnotes":""},"categories":[58],"tags":[44,894,45],"class_list":["post-12727","post","type-post","status-publish","format-standard","has-post-thumbnail","hentry","category-argentina","tag-argentina","tag-ciudad-de-buenos-aires","tag-noticias"],"amp_enabled":true,"_links":{"self":[{"href":"https:\/\/esreviral.com\/index.php?rest_route=\/wp\/v2\/posts\/12727"}],"collection":[{"href":"https:\/\/esreviral.com\/index.php?rest_route=\/wp\/v2\/posts"}],"about":[{"href":"https:\/\/esreviral.com\/index.php?rest_route=\/wp\/v2\/types\/post"}],"author":[{"embeddable":true,"href":"https:\/\/esreviral.com\/index.php?rest_route=\/wp\/v2\/users\/2"}],"replies":[{"embeddable":true,"href":"https:\/\/esreviral.com\/index.php?rest_route=%2Fwp%2Fv2%2Fcomments&post=12727"}],"version-history":[{"count":0,"href":"https:\/\/esreviral.com\/index.php?rest_route=\/wp\/v2\/posts\/12727\/revisions"}],"wp:featuredmedia":[{"embeddable":true,"href":"https:\/\/esreviral.com\/index.php?rest_route=\/"}],"wp:attachment":[{"href":"https:\/\/esreviral.com\/index.php?rest_route=%2Fwp%2Fv2%2Fmedia&parent=12727"}],"wp:term":[{"taxonomy":"category","embeddable":true,"href":"https:\/\/esreviral.com\/index.php?rest_route=%2Fwp%2Fv2%2Fcategories&post=12727"},{"taxonomy":"post_tag","embeddable":true,"href":"https:\/\/esreviral.com\/index.php?rest_route=%2Fwp%2Fv2%2Ftags&post=12727"}],"curies":[{"name":"wp","href":"https:\/\/api.w.org\/{rel}","templated":true}]}}