{"id":12721,"date":"2021-12-07T09:59:22","date_gmt":"2021-12-07T12:59:22","guid":{"rendered":"http:\/\/esreviral.com\/?p=12721"},"modified":"2021-12-07T09:59:22","modified_gmt":"2021-12-07T12:59:22","slug":"con-el-vuelo-de-repatriacion-llegaron-las-valijas-con-prorrogas-y-pasaportes-nuevos","status":"publish","type":"post","link":"https:\/\/esreviral.com\/?p=12721","title":{"rendered":"Con el vuelo de repatriaci\u00f3n llegaron las valijas con pr\u00f3rrogas y pasaportes nuevos"},"content":{"rendered":"\n<p><strong><em>CIS.- <\/em><\/strong>Con la llegada a Argentina del avi\u00f3n de Conviasa el cual retorn\u00f3 a 187 venezolanos arribaron tambi\u00e9n dos valijas diplom\u00e1ticas con pr\u00f3rrogas y pasaportes nuevos. \u00abEnviamos todo eso pero no s\u00e9 con exactitud hasta qu\u00e9 fecha iban\u00bb, inform\u00f3 a <strong><em>ES RE VIRAL <\/em><\/strong>una fuente de la canciller\u00eda en Caracas. <\/p>\n\n\n\n<p>\u00abSer\u00eda el pr\u00f3ximo lunes que empiecen a entregar los documentos. Recuerda que la embajada tiene su procedimiento y tienen que pasar los c\u00f3digos por el sistema, cargar el (sistema) de all\u00e1 para que las personas pidan la cita. Se mandaron muchos\u00bb, afirm\u00f3 la persona, a quien se le resguarda la identidad por protecci\u00f3n. <\/p>\n\n\n\n<figure class=\"wp-block-image size-large\"><img decoding=\"async\" src=\"https:\/\/esreviral.com\/wp-content\/uploads\/2021\/12\/WhatsApp-Image-2021-12-07-at-03.39.26-576x1024.jpeg\" alt=\"\" class=\"wp-image-12723\"\/><figcaption>Stella Lugo y su personal de la embajada venezolana estuvieron atentos al procedimiento, confirmaron los viajeros. Foto: Cortes\u00eda<\/figcaption><\/figure>\n\n\n\n<p><strong><span style=\"background-color:#9a1b22\" class=\"td_text_highlight_marker\">De regreso a Venezuela<\/span><\/strong><\/p>\n\n\n\n<p><strong>187 venezolanos, muchos de ellos en situaci\u00f3n de calle,<\/strong> retornaron a su pa\u00eds luego de meses de protestas y lucha, aunque <strong>ir\u00f3nicamente, una de las principales manifestantes, a \u00faltima hora decidi\u00f3 quedarse por manifestar tener malestares. <\/strong><\/p>\n\n\n\n<p>\u00abHab\u00edan filas muy largas. <strong>Hubo gente que lleg\u00f3 a las 11 de la noche pero ni as\u00ed los pasaron de primero porque la prioridad fue para los ni\u00f1os.<\/strong> En migraciones quer\u00edan cobrar una tasa de 700 pesos a los menores de dos a\u00f1os y no es permitido, incluso<strong> la c\u00f3nsul se lo explic\u00f3 amablemente al funcionario y \u00e9l estaba renuente\u00bb,<\/strong> coment\u00f3 una de las beneficiadas. <\/p>\n\n\n\n<p>A las 04:00 a.m., arribaron los funcionarios de la embajada, encabezados por la embajadora Stella Lugo, \u00abtodos estaban muy atentos y ayudando a las personas, especialmente a los viejitos y a los indigentes.<strong> Me sorprend\u00ed porque hab\u00eda un chico que ve\u00eda siempre en la calle por Palermo y no sab\u00eda que era venezolano. A \u00e9l le llenaron la declaraci\u00f3n jurada\u00bb<\/strong>, explic\u00f3 la persona. <\/p>\n\n\n\n<p>Otra persona que estaba all\u00e1, coment\u00f3 que fue una de las \u00faltimas de las seleccionadas, \u00abes que avisaron a \u00faltima hora, est\u00e1bamos sin dinero y sin nada pero gracias a Dios nos vamos. Eso s\u00ed, <strong>hay gente que lleva hasta perros. Nos dijeron una maleta de 23 kilos y una de mano de 8 kilos pero se trajeron hasta tres, tambi\u00e9n son desconsiderados\u00bb<\/strong>, coment\u00f3. <\/p>\n\n\n\n<p>Muchas de las personas no llevaban los requisitos que les hab\u00edan solicitados lo que retras\u00f3 el vuelo por casi tres horas y sali\u00f3 cercano a las 10:00 a.m.<\/p>\n\n\n\n<figure class=\"wp-block-image size-large\"><img decoding=\"async\" src=\"https:\/\/esreviral.com\/wp-content\/uploads\/2021\/12\/FA0D9168-D4CE-4D41-81A3-BBA0BC9C378C.jpg\" alt=\"\" class=\"wp-image-12725\"\/><figcaption>Este es el avi\u00f3n de Conviasa que luego de dos a\u00f1os sin volar directamente a Argentina, reactivo los viajes<\/figcaption><\/figure>\n","protected":false},"excerpt":{"rendered":"<p>187 venezolanos retornaron a su pa\u00eds con el Plan Vuelta a la Patria<\/p>\n","protected":false},"author":2,"featured_media":12722,"comment_status":"open","ping_status":"open","sticky":false,"template":"","format":"standard","meta":{"jnews-multi-image_gallery":[],"jnews_single_post":[],"jnews_primary_category":[],"jnews_social_meta":[],"jnews_review":[],"enable_review":"","type":"","name":"","summary":"","brand":"","sku":"","good":[],"bad":[],"score_override":"","override_value":"","rating":[],"price":[],"jnews_override_counter":[],"jnews_post_split":[],"footnotes":""},"categories":[54],"tags":[45,1342,67,1343],"class_list":["post-12721","post","type-post","status-publish","format-standard","has-post-thumbnail","hentry","category-inmigracion","tag-noticias","tag-plan-vuelta-a-la-patria","tag-venezolanos-en-argentina","tag-vuelo-de-repatriacion"],"amp_enabled":true,"_links":{"self":[{"href":"https:\/\/esreviral.com\/index.php?rest_route=\/wp\/v2\/posts\/12721"}],"collection":[{"href":"https:\/\/esreviral.com\/index.php?rest_route=\/wp\/v2\/posts"}],"about":[{"href":"https:\/\/esreviral.com\/index.php?rest_route=\/wp\/v2\/types\/post"}],"author":[{"embeddable":true,"href":"https:\/\/esreviral.com\/index.php?rest_route=\/wp\/v2\/users\/2"}],"replies":[{"embeddable":true,"href":"https:\/\/esreviral.com\/index.php?rest_route=%2Fwp%2Fv2%2Fcomments&post=12721"}],"version-history":[{"count":0,"href":"https:\/\/esreviral.com\/index.php?rest_route=\/wp\/v2\/posts\/12721\/revisions"}],"wp:featuredmedia":[{"embeddable":true,"href":"https:\/\/esreviral.com\/index.php?rest_route=\/"}],"wp:attachment":[{"href":"https:\/\/esreviral.com\/index.php?rest_route=%2Fwp%2Fv2%2Fmedia&parent=12721"}],"wp:term":[{"taxonomy":"category","embeddable":true,"href":"https:\/\/esreviral.com\/index.php?rest_route=%2Fwp%2Fv2%2Fcategories&post=12721"},{"taxonomy":"post_tag","embeddable":true,"href":"https:\/\/esreviral.com\/index.php?rest_route=%2Fwp%2Fv2%2Ftags&post=12721"}],"curies":[{"name":"wp","href":"https:\/\/api.w.org\/{rel}","templated":true}]}}