{"id":12711,"date":"2021-12-06T17:27:03","date_gmt":"2021-12-06T20:27:03","guid":{"rendered":"http:\/\/esreviral.com\/?p=12711"},"modified":"2021-12-06T17:27:03","modified_gmt":"2021-12-06T20:27:03","slug":"elissa-trotta-insto-a-las-autoridades-argentinas-a-pronunciarse-ante-la-derogacion-de-la-disposicion-520-2019","status":"publish","type":"post","link":"https:\/\/esreviral.com\/?p=12711","title":{"rendered":"Elisa Trotta inst\u00f3 a las autoridades argentinas a pronunciarse ante la derogaci\u00f3n de la disposici\u00f3n 520\/2019"},"content":{"rendered":"\n<p><strong><em>CIS.-<\/em><\/strong> La representante en Argentina de la Asamblea Nacional (2015) venezolana, Elisa Trotta, rompi\u00f3 el silencio y se pronunci\u00f3 en sus redes sociales ante la derogaci\u00f3n de la disposici\u00f3n 520\/2019 que permit\u00eda el ingreso de venezolanos al pa\u00eds con los documentos vencidos. <\/p>\n\n\n\n<p>Trotta, explic\u00f3 en su comunicado la \u00abpreocupaci\u00f3n\u00bb ante esta situaci\u00f3n y pidi\u00f3 a las autoridades argentinas un pronunciamiento inmediato al respecto, debido a que la informaci\u00f3n fue difundida por algunas asociaciones civiles y referentes de la comunidad venezolana. <\/p>\n\n\n\n<blockquote class=\"wp-block-quote td_quote_box td_box_center is-layout-flow wp-block-quote-is-layout-flow\"><p>\u00abEsta situaci\u00f3n es de extrema gravedad, tomando en cuenta lo expuesto por distintos portales de noticias, donde algunos referentes de la comunidad venezolana organizados en Argentina expresaron que la Disposici\u00f3n 520\/2019, formalmente ya no ser\u00e1 aplicada\u00bb.<\/p><\/blockquote>\n\n\n\n<p>Reiter\u00f3 que la disposici\u00f3n \u00abtomaba en cuenta la realidad actual del pa\u00eds donde el derecho a la identidad ha sido permanentemente violado por aquellos que ocupan el poder\u00bb.<\/p>\n\n\n\n<p>Tambi\u00e9n fue enf\u00e1tica al mencionar que los menores de edad son de los m\u00e1s afectados, es por ello que insiste en que se deben buscar mecanismos de soluci\u00f3n. <\/p>\n\n\n\n<p>\u00abA las autoridades migratorias de Argentina, los instamos a pronunciarse sobre esta situaci\u00f3n, pues son muchos los venezolanos que ahora mismo se encuentran en una situaci\u00f3n compleja y de incertidumbre\u00bb.<\/p>\n\n\n\n<figure class=\"wp-block-embed-twitter wp-block-embed is-type-rich is-provider-twitter\"><div class=\"wp-block-embed__wrapper\">\n<blockquote class=\"twitter-tweet\" data-width=\"500\" data-dnt=\"true\"><p lang=\"es\" dir=\"ltr\">Durante los \u00faltimos d\u00edas hemos recibido diversas informaciones sobre casos de venezolanos con documentos vencidos que no han podido ingresar a Argentina por decisi\u00f3n de los entes gubernamentales encargados de este tema. <a href=\"https:\/\/t.co\/2mCvQKumBL\">pic.twitter.com\/2mCvQKumBL<\/a><\/p>&mdash; Elisa Trotta (@EliTrotta) <a href=\"https:\/\/twitter.com\/EliTrotta\/status\/1467950856767254537?ref_src=twsrc%5Etfw\">December 6, 2021<\/a><\/blockquote><script async src=\"https:\/\/platform.twitter.com\/widgets.js\" charset=\"utf-8\"><\/script>\n<\/div><\/figure>\n","protected":false},"excerpt":{"rendered":"<p>Reiter\u00f3 que la disposici\u00f3n \u00abtomaba en cuenta la realidad actual del pa\u00eds donde el derecho a la identidad ha sido permanentemente violado por aquellos que ocupan el poder\u00bb<\/p>\n","protected":false},"author":2,"featured_media":6644,"comment_status":"open","ping_status":"open","sticky":false,"template":"","format":"standard","meta":{"jnews-multi-image_gallery":[],"jnews_single_post":[],"jnews_primary_category":[],"jnews_social_meta":[],"jnews_review":[],"enable_review":"","type":"","name":"","summary":"","brand":"","sku":"","good":[],"bad":[],"score_override":"","override_value":"","rating":[],"price":[],"jnews_override_counter":[],"jnews_post_split":[],"footnotes":""},"categories":[58,59],"tags":[44,523,55,45],"class_list":["post-12711","post","type-post","status-publish","format-standard","has-post-thumbnail","hentry","category-argentina","category-politica","tag-argentina","tag-elisa-trotta","tag-inmigracion","tag-noticias"],"amp_enabled":true,"_links":{"self":[{"href":"https:\/\/esreviral.com\/index.php?rest_route=\/wp\/v2\/posts\/12711"}],"collection":[{"href":"https:\/\/esreviral.com\/index.php?rest_route=\/wp\/v2\/posts"}],"about":[{"href":"https:\/\/esreviral.com\/index.php?rest_route=\/wp\/v2\/types\/post"}],"author":[{"embeddable":true,"href":"https:\/\/esreviral.com\/index.php?rest_route=\/wp\/v2\/users\/2"}],"replies":[{"embeddable":true,"href":"https:\/\/esreviral.com\/index.php?rest_route=%2Fwp%2Fv2%2Fcomments&post=12711"}],"version-history":[{"count":0,"href":"https:\/\/esreviral.com\/index.php?rest_route=\/wp\/v2\/posts\/12711\/revisions"}],"wp:featuredmedia":[{"embeddable":true,"href":"https:\/\/esreviral.com\/index.php?rest_route=\/"}],"wp:attachment":[{"href":"https:\/\/esreviral.com\/index.php?rest_route=%2Fwp%2Fv2%2Fmedia&parent=12711"}],"wp:term":[{"taxonomy":"category","embeddable":true,"href":"https:\/\/esreviral.com\/index.php?rest_route=%2Fwp%2Fv2%2Fcategories&post=12711"},{"taxonomy":"post_tag","embeddable":true,"href":"https:\/\/esreviral.com\/index.php?rest_route=%2Fwp%2Fv2%2Ftags&post=12711"}],"curies":[{"name":"wp","href":"https:\/\/api.w.org\/{rel}","templated":true}]}}