{"id":12699,"date":"2021-12-06T16:17:04","date_gmt":"2021-12-06T19:17:04","guid":{"rendered":"http:\/\/esreviral.com\/?p=12699"},"modified":"2021-12-06T16:17:04","modified_gmt":"2021-12-06T19:17:04","slug":"nino-varado-en-colombia-se-reencontro-con-sus-padres-en-argentina","status":"publish","type":"post","link":"https:\/\/esreviral.com\/?p=12699","title":{"rendered":"Ni\u00f1o varado en Colombia se reencontr\u00f3 con sus padres en Argentina"},"content":{"rendered":"\n<p><strong><em>CIS.-<\/em><\/strong> Tras una semana de haber permanecido varado en Colombia por un \u00aberror\u00bb de la aerol\u00ednea Avianca, el ni\u00f1o Izaias Rosales Gonz\u00e1lez, se reencontr\u00f3 en Argentina con su madre, Indira Gonz\u00e1lez. <\/p>\n\n\n\n<p>Luego de diversas diligencias hechas por los padres del menor y la asistencia jur\u00eddica del abogado venezolano en Argentina, Denis Portillo, le permitieron el viaje al ni\u00f1o que cumpl\u00eda con todos los requisitos exigidos por el Gobierno argentino. <\/p>\n\n\n\n<p>Como recordar\u00e1n la aerol\u00ednea avalaba que el peque\u00f1o deb\u00eda tener un esquema completo de vacunaci\u00f3n a pesar que el decreto nacional de Argentina indica que los menores est\u00e1n exceptuados del mismo. <\/p>\n\n\n\n<p>En el aeropuerto de Ezeiza, Indira junto a sus familiares y el abogado Portillo, presenciaron la llegada del ni\u00f1o, quien tras cuatro largos a\u00f1os, pudieron estar juntos nuevamente. <\/p>\n\n\n\n<p>Para ver el video haz<a href=\"https:\/\/www.instagram.com\/p\/CXItZvdjWp7\/\"> click aqu\u00ed<\/a><\/p>\n\n\n\n<p>Lea tambi\u00e9n: <a href=\"https:\/\/esreviral.com\/2021\/11\/26\/aerolinea-no-permite-abordar-a-un-nino-venezolano-a-pesar-de-cumplir-con-los-requisitos\/\">AEROL\u00cdNEA NO PERMITE ABORDAR A UN NI\u00d1O VENEZOLANO A PESAR DE CUMPLIR CON LOS REQUISITOS<\/a><\/p>\n","protected":false},"excerpt":{"rendered":"<p>La aerol\u00ednea acept\u00f3 el \u00aberror\u00bb y permiti\u00f3 el ingreso del menor<\/p>\n","protected":false},"author":2,"featured_media":12702,"comment_status":"open","ping_status":"open","sticky":false,"template":"","format":"standard","meta":{"jnews-multi-image_gallery":[],"jnews_single_post":[],"jnews_primary_category":[],"jnews_social_meta":[],"jnews_review":[],"enable_review":"","type":"","name":"","summary":"","brand":"","sku":"","good":[],"bad":[],"score_override":"","override_value":"","rating":[],"price":[],"jnews_override_counter":[],"jnews_post_split":[],"footnotes":""},"categories":[54],"tags":[45,67],"class_list":["post-12699","post","type-post","status-publish","format-standard","has-post-thumbnail","hentry","category-inmigracion","tag-noticias","tag-venezolanos-en-argentina"],"amp_enabled":true,"_links":{"self":[{"href":"https:\/\/esreviral.com\/index.php?rest_route=\/wp\/v2\/posts\/12699"}],"collection":[{"href":"https:\/\/esreviral.com\/index.php?rest_route=\/wp\/v2\/posts"}],"about":[{"href":"https:\/\/esreviral.com\/index.php?rest_route=\/wp\/v2\/types\/post"}],"author":[{"embeddable":true,"href":"https:\/\/esreviral.com\/index.php?rest_route=\/wp\/v2\/users\/2"}],"replies":[{"embeddable":true,"href":"https:\/\/esreviral.com\/index.php?rest_route=%2Fwp%2Fv2%2Fcomments&post=12699"}],"version-history":[{"count":0,"href":"https:\/\/esreviral.com\/index.php?rest_route=\/wp\/v2\/posts\/12699\/revisions"}],"wp:featuredmedia":[{"embeddable":true,"href":"https:\/\/esreviral.com\/index.php?rest_route=\/"}],"wp:attachment":[{"href":"https:\/\/esreviral.com\/index.php?rest_route=%2Fwp%2Fv2%2Fmedia&parent=12699"}],"wp:term":[{"taxonomy":"category","embeddable":true,"href":"https:\/\/esreviral.com\/index.php?rest_route=%2Fwp%2Fv2%2Fcategories&post=12699"},{"taxonomy":"post_tag","embeddable":true,"href":"https:\/\/esreviral.com\/index.php?rest_route=%2Fwp%2Fv2%2Ftags&post=12699"}],"curies":[{"name":"wp","href":"https:\/\/api.w.org\/{rel}","templated":true}]}}